{"id":13462,"date":"2014-09-27T15:25:42","date_gmt":"2014-09-27T12:25:42","guid":{"rendered":"http:\/\/infois.ro\/?p=13462"},"modified":"2014-09-27T15:25:42","modified_gmt":"2014-09-27T12:25:42","slug":"sc-termo-service-sa-are-o-noua-conducere","status":"publish","type":"post","link":"https:\/\/infois.ro\/?p=13462","title":{"rendered":"SC Termo-Service SA are o nou\u0103 conducere"},"content":{"rendered":"<p style=\"text-align: justify;\"><a class=\"highslide\" onclick=\"return vz.expand(this)\" href=\"http:\/\/infois.ro\/wp-content\/uploads\/2014\/09\/termoservice.jpg\"><img loading=\"lazy\" decoding=\"async\" class=\"alignleft  wp-image-13463\" title=\"termoservice\" src=\"http:\/\/infois.ro\/wp-content\/uploads\/cache\/2014\/09\/termoservice\/1542577991.jpg\" alt=\"\" width=\"360\" height=\"215\" \/><\/a><\/p>\n<p style=\"text-align: justify;\">\u00cencep\u00e2nd din luna septembrie, noua echip\u0103 de conducere a SC Termo-Service SA Ia\u0219i, societate al c\u0103rui unic ac\u021bionar este Consiliul Local Municipal, este compus\u0103 din Ciprian Chiri\u021ba &#8211; director general, Marius Bodoga &#8211; director executiv \u0219i Floren\u021ba Toma &#8211; director economic. Schimbarea conducerii societ\u0103\u021bii a fost decis\u0103 de primarul Gheorghe Nichita, ca urmare a nemul\u021bumirilor cet\u0103\u021benilor fa\u021b\u0103 de activitatea depus\u0103 de cei care s-au aflat \u00een fruntea acestei unit\u0103\u021bi \u00een ultimii ani. Av\u00e2nd ca motto \u201c\u00centoarcerea la cet\u0103\u0163eni \u015fi la nevoile lor\u201d, noua conducere a SC Termo-Service SA \u00eei asigur\u0103 pe ie\u015feni de \u00eentreaga disponibilitate pentru solu\u021bionarea prompt\u0103 \u0219i legal\u0103 a tuturor problemelor sesizate de membrii asocia\u021biilor aflate \u00een administrarea societ\u0103\u021bii. \u201dNe dorim \u0219i facem to\u021bi pa\u0219ii necesari pentru a \u00eembun\u0103t\u0103\u021bi comunicarea \u0219i rela\u021biile de lucru cu to\u021bi ie\u0219enii, c\u00e2t \u0219i cu furnizorii de utilit\u0103\u021bi. Dorim dinamizarea activit\u0103\u021bii \u0219i punerea la masa dialogului a tuturor problemelor asocia\u021biilor de proprietari. Comunicarea eficient\u0103 \u0219i deschis\u0103 este cheia succesului pentru \u00eembun\u0103t\u0103\u021birea activit\u0103\u021bii \u0219i pentru o rela\u021bie armonioas\u0103 cu partenerii no\u0219tri de drum, clien\u021bii\u201d, a afirmat noul director general al societ\u0103\u021bii, Ciprian Chiri\u0163a. Primul pas f\u0103cut de acesta \u00een noua calitate \u00a0a fost modificarea programului de lucru al societ\u0103\u0163ii. \u201dCa urmare a unui studiu intern, realizat la nivelul punctelor de \u00eencasare, a centrelor zonale \u0219i al rela\u021biilor cu partenerii de lucru, s-a constatat c\u0103, \u00een intervalul orar 07.00 \u2013 08.00 este realizat\u0103 o rat\u0103 foarte mic\u0103 de \u00eencas\u0103ri \u0219i c\u0103 rela\u021biile cu institu\u021biile cu care se colaboreaz\u0103 (Prim\u0103ria Ia\u0219i, ApaVital, Dalkia Termo) nu pot avea loc, din cauza diferen\u021belor de program de lucru, acestea nefunc\u021bion\u00e2nd \u00een acest interval. Astfel, am decis modificarea programului de lucru de la ora 08.00 la ora 16.00 zilnic, de luni p\u00e2n\u0103 vineri, pentru sediul central al societ\u0103\u021bii, programul pentru punctele de \u00eencasare \u0219i centrele zonale urm\u00e2nd s\u0103 fie: luni, miercuri, vineri, \u00eentre orele \u00a008.00 \u2013 16.00, \u0219i mar\u021bi \u0219i joi, \u00eentre orele 12.00 \u00a0\u0219i 20.00\u201d, a precizat Ciprian Chiri\u0163a. Pentru a fi c\u00e2t mai aproape de cet\u0103\u0163eni, SC Termo-Service SA pune la dispozi\u0163ia ie\u015fenilor urm\u0103toarele numerele de telefon: pentru interven\u021bii &#8211; 0232.218.253, 0332.441.920; pentru secretariat &#8211; \u00a00232.212.230. \u00cen acela\u015fi timp, pentru a putea oferi, \u00een permanen\u021b\u0103, cele mai calitative servicii, conducerea Termo-Service a\u015fteapt\u0103 sugestiile \u015fi propunerile cet\u0103\u0163enilor la adresa de e-mail:\u00a0<a href=\"mailto:termoservice.iasi@gmail.com\">termoservice.iasi@gmail.com<\/a>. Printre beneficiile administr\u0103rii imobilelor de c\u0103tre SC Termo-Service SA se num\u0103r\u0103: posibilitatea de a accesa contul personal online \u0219i de a face pl\u0103\u021bi direct de acas\u0103;\u00a0Posibilitatea de a pl\u0103ti cu cardul cheltuielile de \u00eentre\u021binere, administrarea conform standardelor europene de profil, accesul la fi\u0219a individual, gestiunea banilor asocia\u021biei \u00een condi\u021bii de legalitate \u0219i securitate, posibilitatea de a pl\u0103ti \u00een rate lucr\u0103ri executate de firm\u0103 (hidroizola\u021bii, instala\u021bii sanitare \u0219i de \u00eenc\u0103lzire, zugr\u0103veal\u0103 casa sc\u0103rii).<\/p>\n","protected":false},"excerpt":{"rendered":"<p>\u00cencep\u00e2nd din luna septembrie, noua echip\u0103 de conducere a SC Termo-Service SA Ia\u0219i, societate al&#8230; <a class=\"meta-more\" href=\"https:\/\/infois.ro\/?p=13462\">more <span class=\"meta-nav\">&raquo;<\/span><\/a><\/p>\n","protected":false},"author":2,"featured_media":13463,"comment_status":"open","ping_status":"closed","sticky":false,"template":"","format":"standard","meta":{"footnotes":""},"categories":[1,41],"tags":[74,5787,3025,5786,5046,5785],"aioseo_notices":[],"_links":{"self":[{"href":"https:\/\/infois.ro\/index.php?rest_route=\/wp\/v2\/posts\/13462"}],"collection":[{"href":"https:\/\/infois.ro\/index.php?rest_route=\/wp\/v2\/posts"}],"about":[{"href":"https:\/\/infois.ro\/index.php?rest_route=\/wp\/v2\/types\/post"}],"author":[{"embeddable":true,"href":"https:\/\/infois.ro\/index.php?rest_route=\/wp\/v2\/users\/2"}],"replies":[{"embeddable":true,"href":"https:\/\/infois.ro\/index.php?rest_route=%2Fwp%2Fv2%2Fcomments&post=13462"}],"version-history":[{"count":1,"href":"https:\/\/infois.ro\/index.php?rest_route=\/wp\/v2\/posts\/13462\/revisions"}],"predecessor-version":[{"id":13464,"href":"https:\/\/infois.ro\/index.php?rest_route=\/wp\/v2\/posts\/13462\/revisions\/13464"}],"wp:featuredmedia":[{"embeddable":true,"href":"https:\/\/infois.ro\/index.php?rest_route=\/wp\/v2\/media\/13463"}],"wp:attachment":[{"href":"https:\/\/infois.ro\/index.php?rest_route=%2Fwp%2Fv2%2Fmedia&parent=13462"}],"wp:term":[{"taxonomy":"category","embeddable":true,"href":"https:\/\/infois.ro\/index.php?rest_route=%2Fwp%2Fv2%2Fcategories&post=13462"},{"taxonomy":"post_tag","embeddable":true,"href":"https:\/\/infois.ro\/index.php?rest_route=%2Fwp%2Fv2%2Ftags&post=13462"}],"curies":[{"name":"wp","href":"https:\/\/api.w.org\/{rel}","templated":true}]}}