{"id":13480,"date":"2014-09-29T22:01:40","date_gmt":"2014-09-29T19:01:40","guid":{"rendered":"http:\/\/infois.ro\/?p=13480"},"modified":"2014-09-29T22:01:40","modified_gmt":"2014-09-29T19:01:40","slug":"peste-un-milion-de-euro-pentru-scolile-iesene-prin-proiecte-de-parteneriat-strategic","status":"publish","type":"post","link":"https:\/\/infois.ro\/?p=13480","title":{"rendered":"Peste un milion de euro pentru \u0219colile ie\u0219ene, prin proiecte de parteneriat strategic"},"content":{"rendered":"<p style=\"text-align: justify;\"><a class=\"highslide\" onclick=\"return vz.expand(this)\" href=\"http:\/\/infois.ro\/wp-content\/uploads\/2014\/09\/elevi.jpg\"><img loading=\"lazy\" decoding=\"async\" class=\"alignleft  wp-image-13481\" title=\"elevi\" src=\"http:\/\/infois.ro\/wp-content\/uploads\/cache\/2014\/09\/elevi\/1579372328.jpg\" alt=\"\" width=\"360\" height=\"240\" \/><\/a><\/p>\n<p style=\"text-align: justify;\">ANPCDEFP a publicat recent rezultatele\u00a0selec\u021biei proiectelor de parteneriat strategic \u00een domeniul \u0219colar\u00a0\u2013 proiecte \u00eentre \u0219coli cu accent pe dezvoltarea organiza\u021bional\u0103. \u00cen competi\u021bie au intrat 111 proiecte, fiind aprobate \u00een total 18 proiecte, din care 7 proiecte ie\u0219ene. Este vorba despre proiectele\u00a0Colegiului Na\u021bional \u201eGarabet Ibr\u0103ileanu\u201d, cu o finan\u021bare de 206.299 euro, respectiv de 215.807 euro, despre proiectul\u00a0\u0218colii Gimnaziale \u201eD. A. Sturdza\u201d, cu o finan\u021bare de 181.605 euro, despre proiectul\u00a0Colegiului Na\u021bional \u201e\u0218tefan cel Mare\u201d din H\u00e2rl\u0103u, cu o finan\u021bare de 93.940 euro, despre proiectul\u00a0\u0218colii Gimnaziale \u201eOtilia Cazimir\u201d, cu o fina\u021bare de 94.470 euro, despre proiectul\u00a0\u0218colii Gimnaziale Grajduri, cu o finan\u021bare de 87.860 euro \u0219i despre proiectul\u00a0Colegiului Na\u021bional, cu o finan\u021bare de 241. 935 euro. Remarcabil este faptul c\u0103 proiectul Colegiului Na\u021bional \u201dGarabet Ibr\u0103ileanu\u201d \u2013\u00a0Water and its magical power\u00a0\u2013 s-a clasat pe prima pozi\u021bie, cu 98,5 puncte. Mai mult dec\u00e2t at\u00e2t, prin cele dou\u0103 proiecte aprobate, colegiul a reu\u0219it s\u0103 \u00ee\u0219i asigure peste 400 000 euro pentru derularea calendarului bogat de activit\u0103\u021bi \u00een care sunt implica\u021bi numero\u0219i elevi \u0219i profesori. Durata unui parteneriat strategic poate fi de doi sau trei ani, \u00een func\u021bie de obiectivele \u0219i de tipul activit\u0103\u021bilor planificate.\u00a0\u00centr-un proiect de parteneriat strategic particip\u0103 minimum 3 organiza\u021bii diferite din trei \u021b\u0103ri diferite, dar nu exist\u0103 o limit\u0103 pentru num\u0103rul maxim de participan\u021bi. Parteneriatele strategice vizeaz\u0103 dezvoltarea de abord\u0103ri noi \u0219i inovatoare pentru cre\u0219terea calit\u0103\u021bii \u0219i relevan\u021bei ofertei educa\u021bionale, de formare \u0219i pentru lucrul de tineret a actorilor implica\u021bi, dar \u0219i asigurarea de sprijin personalizat, \u00eenv\u0103\u021bare colaborativ\u0103, g\u00e2ndire critic\u0103, resurse educa\u021bionale deschise, mobilitate virtual\u0103 sau alte metode inovatoare de \u00eenv\u0103\u021bare. De asemenea, conform ANPCDEFP, aceste proiecte vizeaz\u0103 crearea de leg\u0103turi \u00eentre educa\u021bia formal\u0103, \u00eenva\u021barea nonformal\u0103 \u0219i informal\u0103, formarea profesional\u0103, lucrul de tineret \u0219i conectarea lor cu pia\u021ba muncii prin dezvoltarea de competen\u021be \u0219i calific\u0103ri, promovarea unei culturi colaborative inter-sectoriale \u0219i interna\u021bionale, dezvoltarea capacit\u0103\u021bii organiza\u021bionale, promovarea egalit\u0103\u021bii \u0219i includerii \u00een educa\u021bie, formare \u0219i tineret pentru a preveni abandonul \u0219colar \u0219i pentru a stimula participarea \u00een comunitate a grupurilor dezavantajate, stimularea culturii antreprenoriale (inclusiv antreprenoriatul social) pentru a dezvolta cet\u0103\u021benia activ\u0103 \u0219i angajabilitatea \u0219i\u00a0cre\u0219terea particip\u0103rii la \u00eenv\u0103\u021bare \u0219i angajabilitate\u00a0prin consiliere de carier\u0103 \u0219i servicii de suport.\u00a0<strong><\/strong><\/p>\n","protected":false},"excerpt":{"rendered":"<p>ANPCDEFP a publicat recent rezultatele\u00a0selec\u021biei proiectelor de parteneriat strategic \u00een domeniul \u0219colar\u00a0\u2013 proiecte \u00eentre \u0219coli&#8230; <a class=\"meta-more\" href=\"https:\/\/infois.ro\/?p=13480\">more <span class=\"meta-nav\">&raquo;<\/span><\/a><\/p>\n","protected":false},"author":2,"featured_media":13481,"comment_status":"open","ping_status":"closed","sticky":false,"template":"","format":"standard","meta":{"footnotes":""},"categories":[12,41],"tags":[74,1400,4150,928,3112,5794],"aioseo_notices":[],"_links":{"self":[{"href":"https:\/\/infois.ro\/index.php?rest_route=\/wp\/v2\/posts\/13480"}],"collection":[{"href":"https:\/\/infois.ro\/index.php?rest_route=\/wp\/v2\/posts"}],"about":[{"href":"https:\/\/infois.ro\/index.php?rest_route=\/wp\/v2\/types\/post"}],"author":[{"embeddable":true,"href":"https:\/\/infois.ro\/index.php?rest_route=\/wp\/v2\/users\/2"}],"replies":[{"embeddable":true,"href":"https:\/\/infois.ro\/index.php?rest_route=%2Fwp%2Fv2%2Fcomments&post=13480"}],"version-history":[{"count":1,"href":"https:\/\/infois.ro\/index.php?rest_route=\/wp\/v2\/posts\/13480\/revisions"}],"predecessor-version":[{"id":13482,"href":"https:\/\/infois.ro\/index.php?rest_route=\/wp\/v2\/posts\/13480\/revisions\/13482"}],"wp:featuredmedia":[{"embeddable":true,"href":"https:\/\/infois.ro\/index.php?rest_route=\/wp\/v2\/media\/13481"}],"wp:attachment":[{"href":"https:\/\/infois.ro\/index.php?rest_route=%2Fwp%2Fv2%2Fmedia&parent=13480"}],"wp:term":[{"taxonomy":"category","embeddable":true,"href":"https:\/\/infois.ro\/index.php?rest_route=%2Fwp%2Fv2%2Fcategories&post=13480"},{"taxonomy":"post_tag","embeddable":true,"href":"https:\/\/infois.ro\/index.php?rest_route=%2Fwp%2Fv2%2Ftags&post=13480"}],"curies":[{"name":"wp","href":"https:\/\/api.w.org\/{rel}","templated":true}]}}