{"id":1354,"date":"2012-08-10T10:22:00","date_gmt":"2012-08-10T07:22:00","guid":{"rendered":"http:\/\/infois.ro\/?p=1354"},"modified":"2012-08-10T10:22:00","modified_gmt":"2012-08-10T07:22:00","slug":"la-iasi-debuteaza-vineri-cea-de-a-iii-a-editie-a-festivalului-%e2%80%9emusicforkids","status":"publish","type":"post","link":"https:\/\/infois.ro\/?p=1354","title":{"rendered":"La Ia\u015fi debuteaz\u0103 vineri cea de-a III-a edi\u0163ie a Festivalului \u201eMusicForKids\u201d"},"content":{"rendered":"<p style=\"text-align: justify;\"><a class=\"highslide\" onclick=\"return vz.expand(this)\" href=\"http:\/\/infois.ro\/wp-content\/uploads\/2012\/08\/music-for-kids.jpg\"><img loading=\"lazy\" decoding=\"async\" class=\"alignnone size-large wp-image-1355\" title=\"music for kids\" src=\"http:\/\/infois.ro\/wp-content\/uploads\/cache\/2012\/08\/music-for-kids\/508572850.jpg\" alt=\"\" width=\"403\" height=\"403\" \/><\/a><\/p>\n<p style=\"text-align: justify;\">Prim\u0103ria municipiului Ia\u015fi, Asocia\u0163ia \u201eMusicForKids\u201d \u015fi Palas Ia\u015fi organizeaz\u0103 \u00een perioada 10 \u2013 12 august cea de-a treia edi\u0163ie a Festivalului Na\u0163ional de Crea\u0163ie \u015fi Interpretare pentru Copii \u201eMusicForKids\u201d. Din juriu vor face parte cunoscutul c\u00e2nt\u0103re\u0163 Mihai Tr\u0103istariu, profesoara de canto Anca Apetroaiei, compozitorul, textierul \u015fi produc\u0103torul muzical C\u0103t\u0103lin Dasc\u0103lu, profesoara de muzic\u0103 L\u0103cr\u0103mioara Matei, artista pop Miss Mary, c\u00e2nt\u0103re\u0163ii Alexo \u015fi Mad Heart, profesoara Nadia Crihan \u015fi compozitorul Victor Lavric. Programul festivalului este urm\u0103torul: vineri, 10 august: ora 17.00 \u2013 repeti\u0163ie, orele 19.00 \u2013 22.00, prima zi de concurs; s\u00e2mb\u0103t\u0103, 11 august, orele 19.00 \u2013 22.00 \u2013 a doua zi de concurs, ora 22.00 \u2013 petrecere; duminic\u0103, 12 august, ora 17.00 \u2013 repeti\u0163ie, orele 19.30 \u2013 22.00 \u2013 gala laurea\u0163ilor.<\/p>\n","protected":false},"excerpt":{"rendered":"<p>Prim\u0103ria municipiului Ia\u015fi, Asocia\u0163ia \u201eMusicForKids\u201d \u015fi Palas Ia\u015fi organizeaz\u0103 \u00een perioada 10 \u2013 12 august&#8230; <a class=\"meta-more\" href=\"https:\/\/infois.ro\/?p=1354\">more <span class=\"meta-nav\">&raquo;<\/span><\/a><\/p>\n","protected":false},"author":2,"featured_media":1355,"comment_status":"open","ping_status":"open","sticky":false,"template":"","format":"standard","meta":{"footnotes":""},"categories":[1,41],"tags":[74,650,100,296],"aioseo_notices":[],"_links":{"self":[{"href":"https:\/\/infois.ro\/index.php?rest_route=\/wp\/v2\/posts\/1354"}],"collection":[{"href":"https:\/\/infois.ro\/index.php?rest_route=\/wp\/v2\/posts"}],"about":[{"href":"https:\/\/infois.ro\/index.php?rest_route=\/wp\/v2\/types\/post"}],"author":[{"embeddable":true,"href":"https:\/\/infois.ro\/index.php?rest_route=\/wp\/v2\/users\/2"}],"replies":[{"embeddable":true,"href":"https:\/\/infois.ro\/index.php?rest_route=%2Fwp%2Fv2%2Fcomments&post=1354"}],"version-history":[{"count":1,"href":"https:\/\/infois.ro\/index.php?rest_route=\/wp\/v2\/posts\/1354\/revisions"}],"predecessor-version":[{"id":1356,"href":"https:\/\/infois.ro\/index.php?rest_route=\/wp\/v2\/posts\/1354\/revisions\/1356"}],"wp:featuredmedia":[{"embeddable":true,"href":"https:\/\/infois.ro\/index.php?rest_route=\/wp\/v2\/media\/1355"}],"wp:attachment":[{"href":"https:\/\/infois.ro\/index.php?rest_route=%2Fwp%2Fv2%2Fmedia&parent=1354"}],"wp:term":[{"taxonomy":"category","embeddable":true,"href":"https:\/\/infois.ro\/index.php?rest_route=%2Fwp%2Fv2%2Fcategories&post=1354"},{"taxonomy":"post_tag","embeddable":true,"href":"https:\/\/infois.ro\/index.php?rest_route=%2Fwp%2Fv2%2Ftags&post=1354"}],"curies":[{"name":"wp","href":"https:\/\/api.w.org\/{rel}","templated":true}]}}