{"id":13591,"date":"2014-10-05T17:36:58","date_gmt":"2014-10-05T14:36:58","guid":{"rendered":"http:\/\/infois.ro\/?p=13591"},"modified":"2014-10-05T17:36:58","modified_gmt":"2014-10-05T14:36:58","slug":"oportunitatile-de-dezvoltare-ale-municipiului-iasi-prezentate-la-editia-din-acest-an-a-city-invest","status":"publish","type":"post","link":"https:\/\/infois.ro\/?p=13591","title":{"rendered":"Oportunit\u0103\u021bile de dezvoltare ale municipiului Ia\u0219i, prezentate la edi\u021bia din acest an a \u201dCity Invest\u201d"},"content":{"rendered":"<p style=\"text-align: justify;\"><a class=\"highslide\" onclick=\"return vz.expand(this)\" href=\"http:\/\/infois.ro\/wp-content\/uploads\/2014\/10\/city-invest.jpg\"><img loading=\"lazy\" decoding=\"async\" class=\"alignleft  wp-image-13592\" title=\"city-invest\" src=\"http:\/\/infois.ro\/wp-content\/uploads\/cache\/2014\/10\/city-invest\/1446109012.jpg\" alt=\"\" width=\"330\" height=\"220\" \/><\/a><\/p>\n<p style=\"text-align: justify;\">\u00cen organizarea Institutului pentru Politici Publice (IPP), la Bucure\u0219ti s-a desf\u0103\u0219urat s\u0103pt\u0103m\u00e2na trecut\u0103 cea de-a II-a edi\u021bie a \u201dCity Invest\u201d, un concept original de eveniment dedicat discu\u0163iilor interactive dintre edilii marilor ora\u0219e \u015fi cei ai mediului diplomatic, respectiv sectorului de business, interesa\u0163i de oportunit\u0103\u0163ile de dezvoltare metropolitan\u0103 \u00een marile centre urbane din Rom\u00e2nia. La eveniment, care a avut loc la \u00a0Sala Rond\u0103 a Hotelului Intercontinental din Capital\u0103, au participat peste 70 de reprezentan\u0163i ai corpului diplomatic din partea unui num\u0103r de 19 ambasade (Austria, Canada, Cehia, Croa\u0163ia, Danemarca, Elve\u0163ia, Finlanda, Fran\u0163a, Germania, Grecia, Irlanda, Israel, Italia, Marea Britanie, Norvegia, Olanda, Polonia, Spania, Statele Unite ale Americii), ai Consiliului Investitorilor Str\u0103ini (CIS), reprezentan\u0163i din conducerea camerelor de comer\u0163 bilaterale, ai marilor companii de consultan\u0163\u0103, precum \u015fi ai mediului bancar. Ia\u0219iul a fost reprezentat la aceast\u0103 \u00eent\u00e2lnire de viceprimarul Gabriel Surdu, care \u00een cadrul expunerii sale a descris oportunit\u0103\u0163ile de dezvoltare ale municipiului Ia\u015fi, st\u00e2rnind interesul participan\u0163ilor. Prezentarea priorit\u0103\u0163ilor de investi\u0163ii din municipiul Ia\u015fi a men\u0163inut aten\u0163ia sporit\u0103 a audien\u0163ei, lucru reie\u015find \u015fi din discu\u0163iile informale purtate pe parcursul recep\u0163iei de la finalul evenimentului. Participan\u021bii la \u00eent\u00e2lnire au discutat despre strategii viitoare de investi\u0163ii \u00een trei unit\u0103\u021bi administrative teritoriale, respectiv municipiile Sf\u00e2ntu Gheorghe \u0219i Alba Iulia \u0219i Consiliul Jude\u0163ean Covasna).<\/p>\n","protected":false},"excerpt":{"rendered":"<p>\u00cen organizarea Institutului pentru Politici Publice (IPP), la Bucure\u0219ti s-a desf\u0103\u0219urat s\u0103pt\u0103m\u00e2na trecut\u0103 cea de-a&#8230; <a class=\"meta-more\" href=\"https:\/\/infois.ro\/?p=13591\">more <span class=\"meta-nav\">&raquo;<\/span><\/a><\/p>\n","protected":false},"author":2,"featured_media":13592,"comment_status":"open","ping_status":"closed","sticky":false,"template":"","format":"standard","meta":{"footnotes":""},"categories":[1],"tags":[5842,5840,5841,296],"aioseo_notices":[],"_links":{"self":[{"href":"https:\/\/infois.ro\/index.php?rest_route=\/wp\/v2\/posts\/13591"}],"collection":[{"href":"https:\/\/infois.ro\/index.php?rest_route=\/wp\/v2\/posts"}],"about":[{"href":"https:\/\/infois.ro\/index.php?rest_route=\/wp\/v2\/types\/post"}],"author":[{"embeddable":true,"href":"https:\/\/infois.ro\/index.php?rest_route=\/wp\/v2\/users\/2"}],"replies":[{"embeddable":true,"href":"https:\/\/infois.ro\/index.php?rest_route=%2Fwp%2Fv2%2Fcomments&post=13591"}],"version-history":[{"count":1,"href":"https:\/\/infois.ro\/index.php?rest_route=\/wp\/v2\/posts\/13591\/revisions"}],"predecessor-version":[{"id":13593,"href":"https:\/\/infois.ro\/index.php?rest_route=\/wp\/v2\/posts\/13591\/revisions\/13593"}],"wp:featuredmedia":[{"embeddable":true,"href":"https:\/\/infois.ro\/index.php?rest_route=\/wp\/v2\/media\/13592"}],"wp:attachment":[{"href":"https:\/\/infois.ro\/index.php?rest_route=%2Fwp%2Fv2%2Fmedia&parent=13591"}],"wp:term":[{"taxonomy":"category","embeddable":true,"href":"https:\/\/infois.ro\/index.php?rest_route=%2Fwp%2Fv2%2Fcategories&post=13591"},{"taxonomy":"post_tag","embeddable":true,"href":"https:\/\/infois.ro\/index.php?rest_route=%2Fwp%2Fv2%2Ftags&post=13591"}],"curies":[{"name":"wp","href":"https:\/\/api.w.org\/{rel}","templated":true}]}}