{"id":13885,"date":"2014-10-19T09:28:37","date_gmt":"2014-10-19T06:28:37","guid":{"rendered":"http:\/\/infois.ro\/?p=13885"},"modified":"2014-10-19T09:28:37","modified_gmt":"2014-10-19T06:28:37","slug":"proiect-international-gazduit-de-scoala-gimnaziala-petru-poni-din-iasi","status":"publish","type":"post","link":"https:\/\/infois.ro\/?p=13885","title":{"rendered":"Proiect interna\u021bional, g\u0103zduit de \u0218coala Gimnazial\u0103 \u201dPetru Poni\u201d din Ia\u0219i"},"content":{"rendered":"<p style=\"text-align: justify;\"><a class=\"highslide\" onclick=\"return vz.expand(this)\" href=\"http:\/\/infois.ro\/wp-content\/uploads\/2014\/10\/scoala-petru-poni.jpg\"><img loading=\"lazy\" decoding=\"async\" class=\"alignleft  wp-image-13886\" title=\"scoala-petru-poni\" src=\"http:\/\/infois.ro\/wp-content\/uploads\/cache\/2014\/10\/scoala-petru-poni\/856542305.jpg\" alt=\"\" width=\"360\" height=\"239\" \/><\/a><\/p>\n<p style=\"text-align: justify;\">\u00cen perioada 20-25 octombrie, \u015ecoala Gimnazial\u0103 \u201dPetru Poni\u201d din Ia\u015fi g\u0103zduie\u015fte, pentru a doua oar\u0103 \u00een ultimii patru ani, o reuniune de proiect. Grupul, format din 25 de elevi \u015fi profesori din Turun (Polonia) \u015fi Istanbul (Turcia), va participa al\u0103turi de elevii \u015fi profesorii din \u015fcoala ie\u0219eana la activit\u0103\u0163ile specifice proiectului \u201dNotree without roots\u201d, aflat la \u00eenceputul celui de-al doilea an de desf\u0103\u0219urare. \u201dDintre activit\u0103\u0163ile propuse men\u0163ion\u0103m lec\u0163iile interactive, specifice tematicii proiectului, desf\u0103\u015furate at\u00e2t \u00een cadrul formal al clasei, c\u00e2t \u015fi informal, \u00een aer liber, sau \u00een muzeu, cu participarea elevilor parteneri \u015fi a persoanelor v\u00e2rstnice de la C\u0103minul de b\u0103tr\u00e2ni \u201dSf. \u00cemp\u0103ra\u0163i C-tin \u015fi Elena\u201d, asociat \u00een proiect. Amintim, de asemenea, vizita la Muzeul Universit\u0103\u0163ii \u201dAl. I. Cuza\u201d Ia\u015fi, cu scopul valoriz\u0103rii \u015fi disemin\u0103rii informa\u0163iilor despre Cultura Cucuteni, precum \u015fi vizita programat\u0103 la Prim\u0103ria Municipiului Ia\u015fi, dat fiind contextul candidaturii municipiului Ia\u015fi la titlul de\u00a0 Capital\u0103 Cultural\u0103 European\u0103\u201d, a declarat prof. Alina Magda F\u00eent\u00e2naru, coordonatoarea proiectului.<\/p>\n","protected":false},"excerpt":{"rendered":"<p>\u00cen perioada 20-25 octombrie, \u015ecoala Gimnazial\u0103 \u201dPetru Poni\u201d din Ia\u015fi g\u0103zduie\u015fte, pentru a doua oar\u0103&#8230; <a class=\"meta-more\" href=\"https:\/\/infois.ro\/?p=13885\">more <span class=\"meta-nav\">&raquo;<\/span><\/a><\/p>\n","protected":false},"author":2,"featured_media":13886,"comment_status":"open","ping_status":"closed","sticky":false,"template":"","format":"standard","meta":{"footnotes":""},"categories":[12],"tags":[395,296,3112,5945],"aioseo_notices":[],"_links":{"self":[{"href":"https:\/\/infois.ro\/index.php?rest_route=\/wp\/v2\/posts\/13885"}],"collection":[{"href":"https:\/\/infois.ro\/index.php?rest_route=\/wp\/v2\/posts"}],"about":[{"href":"https:\/\/infois.ro\/index.php?rest_route=\/wp\/v2\/types\/post"}],"author":[{"embeddable":true,"href":"https:\/\/infois.ro\/index.php?rest_route=\/wp\/v2\/users\/2"}],"replies":[{"embeddable":true,"href":"https:\/\/infois.ro\/index.php?rest_route=%2Fwp%2Fv2%2Fcomments&post=13885"}],"version-history":[{"count":2,"href":"https:\/\/infois.ro\/index.php?rest_route=\/wp\/v2\/posts\/13885\/revisions"}],"predecessor-version":[{"id":13888,"href":"https:\/\/infois.ro\/index.php?rest_route=\/wp\/v2\/posts\/13885\/revisions\/13888"}],"wp:featuredmedia":[{"embeddable":true,"href":"https:\/\/infois.ro\/index.php?rest_route=\/wp\/v2\/media\/13886"}],"wp:attachment":[{"href":"https:\/\/infois.ro\/index.php?rest_route=%2Fwp%2Fv2%2Fmedia&parent=13885"}],"wp:term":[{"taxonomy":"category","embeddable":true,"href":"https:\/\/infois.ro\/index.php?rest_route=%2Fwp%2Fv2%2Fcategories&post=13885"},{"taxonomy":"post_tag","embeddable":true,"href":"https:\/\/infois.ro\/index.php?rest_route=%2Fwp%2Fv2%2Ftags&post=13885"}],"curies":[{"name":"wp","href":"https:\/\/api.w.org\/{rel}","templated":true}]}}