{"id":1419,"date":"2012-08-18T14:17:05","date_gmt":"2012-08-18T11:17:05","guid":{"rendered":"http:\/\/infois.ro\/?p=1419"},"modified":"2012-08-18T14:17:05","modified_gmt":"2012-08-18T11:17:05","slug":"circulatia-tramvaielor-pe-copou-va-fi-reluata-la-inceputul-lunii-septembrie","status":"publish","type":"post","link":"https:\/\/infois.ro\/?p=1419","title":{"rendered":"Circula\u0163ia tramvaielor pe Copou va fi reluat\u0103 la \u00eenceputul lunii septembrie"},"content":{"rendered":"<p style=\"text-align: justify;\"><a class=\"highslide\" onclick=\"return vz.expand(this)\" href=\"http:\/\/infois.ro\/wp-content\/uploads\/2012\/08\/tramvaie-pasaj-mihai.jpg\"><img loading=\"lazy\" decoding=\"async\" class=\"alignnone size-large wp-image-1420\" title=\"tramvaie pasaj mihai\" src=\"http:\/\/infois.ro\/wp-content\/uploads\/cache\/2012\/08\/tramvaie-pasaj-mihai\/849992946.jpg\" alt=\"\" width=\"620\" height=\"380\" \/><\/a><\/p>\n<p style=\"text-align: justify;\">Viceprimarul Mihai Chirica s-a \u00eent\u00e2lnit cu reprezentan\u0163ii constructorului de la pasajul subteran de la Funda\u0163ie, pentru a stabili modalitatea \u00een care se va circula cu tramvaiul spre Copou, \u00eencep\u00e2nd din luna septembrie . \u201cPentru a putea asigura circula\u0163ia cu tramvaiul, constructorii s-au mobilizat, abord\u00e2nd lucr\u0103rile la construc\u0163ia pasajului pentru pere\u0163ii mula\u0163i, mai \u00eent\u00e2i pe zona central\u0103, pe traseul fostei c\u0103i de rulare, urm\u00e2nd ca, ulterior, cei care deviaz\u0103 traseul re\u0163elei de canalizare s\u0103 poat\u0103 aborda lucrarea, mai \u00eent\u00e2i prin subtraversarea viitoarei linii de tramvai. Traversarea se va face pe o pern\u0103 de balast, peste pere\u0163ii mula\u0163i, care p\u00e2n\u0103 la data de 3 septembrie trebuie s\u0103 fie finaliza\u0163i pe traseul liniei de tramvai \u015fi prin construirea unei linii provizorii de tramvai, care va fi construit\u0103 de RATP\u201d, a declarat Mihai Chirica. Viceprimarul i-a averizat pe constructori despre faptul c\u0103 lucr\u0103rile la pasaj vor trebui s\u0103 \u0163in\u0103 seama de circula\u0163ia cu tramvaiul \u00een regim provizoriu, at\u00e2t pentru s\u0103p\u0103turi, c\u00e2t \u015fi pentru celelalte lucr\u0103ri. \u00cen alt\u0103 ordine de idei, Mihai Chirica a anun\u0163at c\u0103, \u00een urma s\u0103p\u0103turilor, pe \u015fantierul de la Funda\u0163ie au fost descoperite mai multe ruine, care nu prezint\u0103, \u00eens\u0103, valoare arheologic\u0103 deosebit\u0103. \u201cEste vorba despre o construc\u0163ie subteran\u0103 din piatr\u0103, respectiv un beci care a apar\u0163inut unei case. S-a discutat cu arheologii, iar ace\u015ftia au spus c\u0103 ea poate fi demolat\u0103, \u00eentruc\u00e2t nu are valoare arheologic\u0103\u201d, a precizat Mihai Chirica. Realizarea pasajului subteran \u201cMihai Eminescu\u201d face parte din cadrul proiectului \u201eDezvoltarea axei de transport est-vest in municipiul Ia\u015fi\u201d<strong>, <\/strong>\u00een valoare total\u0103 de 21 milioane de euro.<strong> <\/strong>Proiectul prevede<strong> <\/strong>construirea \u00een zona Funda\u0163ie \u2013 R\u00e2pa Galben\u0103 a unui pasaj subteran cu lungimea de 286 metri, l\u0103\u0163imea de 10 metri \u015fi \u00een\u0103l\u0163imea de cinci metri, cu c\u00e2te dou\u0103 benzi pe fiecare sens de circula\u0163ie \u015fi rampe de acces dinspre str. P\u0103curari \u015fi B-dul Independen\u0163ei.<strong> <\/strong>Cu aceast\u0103 ocazie<strong> <\/strong>va<strong> <\/strong>fi ref\u0103cut\u0103 \u00eentreaga re\u0163ea stradal\u0103 pe \u015fos. P\u0103curari, str. P\u0103curari, zona Pie\u0163ei Eminescu, str. Elena Doamna, se va reface \u015fi moderniza trama stradal\u0103 prin reabilitarea spa\u0163iilor pietonale aferente acestor str\u0103zi, vor fi amenajate piste de bicicli\u015fti, se va \u00eembun\u0103t\u0103\u0163i sistemul de marcaj rutier, dar va fi reabilitat\u0103 \u015fi linia de tramvai pe str. Elena Doamna pe un tronson de 1186 metri liniari de cale simpl\u0103. Se vor amenaja de asemenea peste 10.000 mp de spa\u0163ii verzi \u00een arealul proiectului. Conform proiectului, lucr\u0103rile ar trebui s\u0103 fie finalizate \u00een aproximativ doi ani de la semnarea contractului, respectiv \u00een toamna anului 2014.<\/p>\n","protected":false},"excerpt":{"rendered":"<p>Viceprimarul Mihai Chirica s-a \u00eent\u00e2lnit cu reprezentan\u0163ii constructorului de la pasajul subteran de la Funda\u0163ie,&#8230; <a class=\"meta-more\" href=\"https:\/\/infois.ro\/?p=1419\">more <span class=\"meta-nav\">&raquo;<\/span><\/a><\/p>\n","protected":false},"author":2,"featured_media":1420,"comment_status":"open","ping_status":"open","sticky":false,"template":"","format":"standard","meta":{"footnotes":""},"categories":[1,41],"tags":[74,387,477],"aioseo_notices":[],"_links":{"self":[{"href":"https:\/\/infois.ro\/index.php?rest_route=\/wp\/v2\/posts\/1419"}],"collection":[{"href":"https:\/\/infois.ro\/index.php?rest_route=\/wp\/v2\/posts"}],"about":[{"href":"https:\/\/infois.ro\/index.php?rest_route=\/wp\/v2\/types\/post"}],"author":[{"embeddable":true,"href":"https:\/\/infois.ro\/index.php?rest_route=\/wp\/v2\/users\/2"}],"replies":[{"embeddable":true,"href":"https:\/\/infois.ro\/index.php?rest_route=%2Fwp%2Fv2%2Fcomments&post=1419"}],"version-history":[{"count":1,"href":"https:\/\/infois.ro\/index.php?rest_route=\/wp\/v2\/posts\/1419\/revisions"}],"predecessor-version":[{"id":1421,"href":"https:\/\/infois.ro\/index.php?rest_route=\/wp\/v2\/posts\/1419\/revisions\/1421"}],"wp:featuredmedia":[{"embeddable":true,"href":"https:\/\/infois.ro\/index.php?rest_route=\/wp\/v2\/media\/1420"}],"wp:attachment":[{"href":"https:\/\/infois.ro\/index.php?rest_route=%2Fwp%2Fv2%2Fmedia&parent=1419"}],"wp:term":[{"taxonomy":"category","embeddable":true,"href":"https:\/\/infois.ro\/index.php?rest_route=%2Fwp%2Fv2%2Fcategories&post=1419"},{"taxonomy":"post_tag","embeddable":true,"href":"https:\/\/infois.ro\/index.php?rest_route=%2Fwp%2Fv2%2Ftags&post=1419"}],"curies":[{"name":"wp","href":"https:\/\/api.w.org\/{rel}","templated":true}]}}