{"id":14197,"date":"2014-10-31T16:20:51","date_gmt":"2014-10-31T14:20:51","guid":{"rendered":"http:\/\/infois.ro\/?p=14197"},"modified":"2014-10-31T16:20:51","modified_gmt":"2014-10-31T14:20:51","slug":"primaria-a-finalizat-un-nou-proiect-cu-finantare-europeana","status":"publish","type":"post","link":"https:\/\/infois.ro\/?p=14197","title":{"rendered":"Prim\u0103ria a finalizat un nou proiect cu finan\u021bare european\u0103"},"content":{"rendered":"<p style=\"text-align: justify;\"><a class=\"highslide\" onclick=\"return vz.expand(this)\" href=\"http:\/\/infois.ro\/wp-content\/uploads\/2014\/10\/iasi.jpg\"><img loading=\"lazy\" decoding=\"async\" class=\"alignleft  wp-image-14198\" title=\"iasi\" src=\"http:\/\/infois.ro\/wp-content\/uploads\/cache\/2014\/10\/iasi\/2295055754.jpg\" alt=\"\" width=\"360\" height=\"239\" \/><\/a><\/p>\n<p style=\"text-align: justify;\">Prim\u0103ria a finalizat proiectul cu finan\u0163are european\u0103 privind \u201dCre\u015fterea accesibilit\u0103\u0163ii spre zona central\u0103 economic\u0103 \u015fi comercial\u0103 a Polului de Cre\u015ftere Ia\u015fi, care includea modernizarea mai multor str\u0103zi din zona central\u0103, precum \u0219i reabilitarea unor parc\u0103ri. Concret, \u00een cadrul acestui proiect au fost modernizate complet 11 str\u0103zi (strada Costache Negri, strada \u015fi stradela B\u0103rboi, strada Armean\u0103, strada Sf. Sava, strada Agatha B\u00e2rsescu, strada Dancu, strada Vovidenie, strada Vasile Stroiescu, strada Maestrul Ion Baciu, strada Matei Millo), trei parc\u0103ri (cea de la Teatrul Na\u0163ional, cea din spatele Prim\u0103riei \u015fi parcarea aferent\u0103 str. Armean\u0103 \u2013 intersec\u0163ia cu str. B\u0103rboi) \u015fi o cale de acces, unde s-a montat paviment pe suprafa\u0163a treptelor de acces dintre esplanada Costache Negri \u015fi Rond Tg. Cucu. \u201dCre\u015fterea accesibilit\u0103\u0163ii spre zona central\u0103 economic\u0103 \u015fi comercial\u0103 a Polului de Cre\u015ftere Ia\u015fi\u201d este al treilea proiect finalizat de municipalitatea ie\u015fean\u0103 cu fonduri europene nerambursabile, dup\u0103 \u201dAxa Cultural\u0103\u201d \u015fi \u201dCentrul Tehnologic Regional\u201d. Proiectul a avut ca obiectiv modernizarea \u015fi reabilitarea infrastructurii urbane din municipiul Ia\u015fi, cre\u015fterea accesibilit\u0103\u0163ii, \u00eembun\u0103t\u0103\u0163irea transportului public \u015fi asigurarea unor condi\u0163ii bune de trafic \u00een scopul dezvolt\u0103rii conectivit\u0103\u0163ii teritoriale, \u00eembun\u0103t\u0103\u0163irii mobilit\u0103\u0163ii spre \u015fi dinspre acest pol de cre\u015ftere \u015fi a fluidiz\u0103rii traficului \u00een interiorul s\u0103u, contribuind totodat\u0103 \u015fi la transformarea Zonei Metropolitane Ia\u015fi \u00eentr-un centru economic, universitar \u015fi academic de tradi\u0163ie. Valoarea total\u0103 a proiectului a fost de nou\u0103 milioane de lei, \u00een cea mai mare parte fonduri europene nerambursabile. Proiectul a fost finan\u0163at din Programul Opera\u0163ional Regional 2007-2013 \u2013 Axa prioritar\u0103 1 \u201dSprijinirea dezvolt\u0103rii durabile a ora\u015felor \u2013 poli urbani de cre\u015ftere\u201d, Domeniul major de interven\u0163ie 1.1 \u201dPlanuri integrate de dezvoltare urban\u0103\u201d, sub-domeniul \u201dPoli de cre\u015ftere\u201d.<\/p>\n","protected":false},"excerpt":{"rendered":"<p>Prim\u0103ria a finalizat proiectul cu finan\u0163are european\u0103 privind \u201dCre\u015fterea accesibilit\u0103\u0163ii spre zona central\u0103 economic\u0103 \u015fi&#8230; <a class=\"meta-more\" href=\"https:\/\/infois.ro\/?p=14197\">more <span class=\"meta-nav\">&raquo;<\/span><\/a><\/p>\n","protected":false},"author":2,"featured_media":14198,"comment_status":"open","ping_status":"closed","sticky":false,"template":"","format":"standard","meta":{"footnotes":""},"categories":[1,41],"tags":[74,395,5349,781,296,3112],"aioseo_notices":[],"_links":{"self":[{"href":"https:\/\/infois.ro\/index.php?rest_route=\/wp\/v2\/posts\/14197"}],"collection":[{"href":"https:\/\/infois.ro\/index.php?rest_route=\/wp\/v2\/posts"}],"about":[{"href":"https:\/\/infois.ro\/index.php?rest_route=\/wp\/v2\/types\/post"}],"author":[{"embeddable":true,"href":"https:\/\/infois.ro\/index.php?rest_route=\/wp\/v2\/users\/2"}],"replies":[{"embeddable":true,"href":"https:\/\/infois.ro\/index.php?rest_route=%2Fwp%2Fv2%2Fcomments&post=14197"}],"version-history":[{"count":1,"href":"https:\/\/infois.ro\/index.php?rest_route=\/wp\/v2\/posts\/14197\/revisions"}],"predecessor-version":[{"id":14199,"href":"https:\/\/infois.ro\/index.php?rest_route=\/wp\/v2\/posts\/14197\/revisions\/14199"}],"wp:featuredmedia":[{"embeddable":true,"href":"https:\/\/infois.ro\/index.php?rest_route=\/wp\/v2\/media\/14198"}],"wp:attachment":[{"href":"https:\/\/infois.ro\/index.php?rest_route=%2Fwp%2Fv2%2Fmedia&parent=14197"}],"wp:term":[{"taxonomy":"category","embeddable":true,"href":"https:\/\/infois.ro\/index.php?rest_route=%2Fwp%2Fv2%2Fcategories&post=14197"},{"taxonomy":"post_tag","embeddable":true,"href":"https:\/\/infois.ro\/index.php?rest_route=%2Fwp%2Fv2%2Ftags&post=14197"}],"curies":[{"name":"wp","href":"https:\/\/api.w.org\/{rel}","templated":true}]}}