{"id":1428,"date":"2012-08-18T14:38:36","date_gmt":"2012-08-18T11:38:36","guid":{"rendered":"http:\/\/infois.ro\/?p=1428"},"modified":"2012-08-18T14:38:36","modified_gmt":"2012-08-18T11:38:36","slug":"cj-iasi-a-facut-publica-situatia-exproprierilor-de-la-aeroport","status":"publish","type":"post","link":"https:\/\/infois.ro\/?p=1428","title":{"rendered":"CJ Ia\u015fi a f\u0103cut public\u0103 situa\u0163ia exproprierilor de la Aeroport"},"content":{"rendered":"<p style=\"text-align: justify;\"><a class=\"highslide\" onclick=\"return vz.expand(this)\" href=\"http:\/\/infois.ro\/wp-content\/uploads\/2012\/08\/aeroport-iasi-plan-2.jpg\"><img loading=\"lazy\" decoding=\"async\" class=\"alignnone size-medium wp-image-1429\" title=\"aeroport-iasi-plan-2\" src=\"http:\/\/infois.ro\/wp-content\/uploads\/cache\/2012\/08\/aeroport-iasi-plan-2\/2950449683.jpg\" alt=\"\" width=\"300\" height=\"200\" \/><\/a><\/p>\n<p style=\"text-align: justify;\">Conducerea Consiliului Jude\u0163ean (CJ) Ia\u015fi a dat publicit\u0103\u0163ii situa\u0163ia exproprierilor realizate \u00een cadrul proiectului de utilitate public\u0103 \u201cDezvoltarea \u015fi Modernizarea Aeroportului Interna\u0163ional Ia\u015fi\u201c. Potrivit documentului, Consiliul Jude\u0163ean Ia\u015fi a procedat la exproprierea proprietarilor, persoane fizice \u015fi juridice, situate \u00een imediata vecin\u0103tate a Aeroportului Interna\u0163ional Ia\u015fi, ale c\u0103ror propriet\u0103\u0163i au fost afectate de realizarea lucr\u0103rii de utilitate public\u0103 \u201cDezvoltarea \u015fi Modernizarea Aeroportului Interna\u0163ional Ia\u015fi \u201c, cu respectarea \u00a0dispozi\u0163iilor Legii nr. 255\/2010 privind exproprierea pentru cauz\u0103 de utilitate public\u0103, necesar\u0103 realiz\u0103rii unor obiective de interes na\u0163ional, jude\u0163ean \u015fi local \u015fi a Hot\u0103r\u00e2rii Guvernului\u00a0 nr. 53\/2011, art. 3, subliniindu-se c\u0103 stabilirea desp\u0103gubirilor pentru imobilele expropriate s-a realizat \u00een conformitate cu prevederile art.11 alin.3 din Legea nr. 255\/2010. \u201ePlanul cu amplasamentul tuturor imobilelor expropriate, pe fiecare unitate administrativ-teritorial\u0103, care con\u0163ine delimitarea imobilelor &#8211; teren cu sau f\u0103r\u0103 construc\u0163ii &#8211; expropriate este \u00eenso\u0163it de anexa cu indicarea numelor de\u0163in\u0103torilor, precum \u015fi a ofertelor de desp\u0103gubire, pe categorii de imobile, stabilite de evaluatori autoriza\u0163i, se aduce la cuno\u015ftin\u0163a public\u0103 prin afi\u015farea la sediul consiliului local respectiv, unde va r\u0103m\u00e2ne afi\u015fat p\u00e2n\u0103 la finalizarea procedurii de expropriere, \u015fi prin afi\u015fare pe pagina proprie de internet a expropriatorului\u201d, se precizeaz\u0103 \u00een document. Potrivit dispozi\u0163iilor art. 22 din Legea nr. 255\/2010, expropriatul nemul\u0163umit de cuantumul desp\u0103gubirii prev\u0103zute la art. 19 se poate adresa instan\u0163ei judec\u0103tore\u015fti competente \u00een termenul general de prescrip\u0163ie, care curge de la data la care i-a fost comunicat\u0103 hot\u0103r\u00e2rea de stabilire a cuantumului desp\u0103gubirii, sub sanc\u0163iunea dec\u0103derii, f\u0103r\u0103 a putea contesta transferul dreptului de proprietate c\u0103tre expropriator asupra imobilului supus exproprierii, iar exercitarea c\u0103ilor de atac nu suspend\u0103 efectele hot\u0103r\u00e2rii de stabilire a cuantumului desp\u0103gubirii \u015fi transferului dreptului de proprietate. Termenul \u00een care mo\u015ftenitorii expropriatului defunct se pot adresa instan\u0163ei judec\u0103tore\u015fti curge de la data accept\u0103rii succesiunii. Potrivit dispozi\u0163iilor art.26 din Legea nr. 33\/1994 privind exproprierea pentru cauz\u0103 de utilitate public\u0103<em>: <\/em>\u201e(1) Desp\u0103gubirea se compune din valoarea real\u0103 a imobilului \u015fi din prejudiciul cauzat proprietarului sau altor persoane \u00eendrept\u0103\u0163ite. La calcularea cuantumului desp\u0103gubirilor, exper\u0163ii, precum \u015fi <span style=\"text-decoration: underline;\">instan\u0163a<\/span> vor \u0163ine seama de pre\u0163ul cu care se v\u00e2nd, \u00een mod obi\u015fnuit, imobilele de acela\u015fi fel \u00een unitatea administrativ-teritorial\u0103, la data \u00eentocmirii raportului de expertiz\u0103, precum \u015fi de daunele aduse proprietarului sau, dup\u0103 caz, altor persoane \u00eendrept\u0103\u0163ite, lu\u00e2nd \u00een considerare \u015fi dovezile prezentate de ace\u015ftia. Astfel, \u00een raport de prevederile legale invocate anterior, Consiliul Jude\u0163ean Ia\u015fi, \u00een calitate de expropriator, a procedat la exproprierea a nou\u0103 persoane fizice \u015fi a dou\u0103 persoane juridice, procedura urm\u00e2nd a decurge conform legii.<\/p>\n","protected":false},"excerpt":{"rendered":"<p>Conducerea Consiliului Jude\u0163ean (CJ) Ia\u015fi a dat publicit\u0103\u0163ii situa\u0163ia exproprierilor realizate \u00een cadrul proiectului de&#8230; <a class=\"meta-more\" href=\"https:\/\/infois.ro\/?p=1428\">more <span class=\"meta-nav\">&raquo;<\/span><\/a><\/p>\n","protected":false},"author":2,"featured_media":1429,"comment_status":"open","ping_status":"open","sticky":false,"template":"","format":"standard","meta":{"footnotes":""},"categories":[1],"tags":[465,374,667],"aioseo_notices":[],"_links":{"self":[{"href":"https:\/\/infois.ro\/index.php?rest_route=\/wp\/v2\/posts\/1428"}],"collection":[{"href":"https:\/\/infois.ro\/index.php?rest_route=\/wp\/v2\/posts"}],"about":[{"href":"https:\/\/infois.ro\/index.php?rest_route=\/wp\/v2\/types\/post"}],"author":[{"embeddable":true,"href":"https:\/\/infois.ro\/index.php?rest_route=\/wp\/v2\/users\/2"}],"replies":[{"embeddable":true,"href":"https:\/\/infois.ro\/index.php?rest_route=%2Fwp%2Fv2%2Fcomments&post=1428"}],"version-history":[{"count":2,"href":"https:\/\/infois.ro\/index.php?rest_route=\/wp\/v2\/posts\/1428\/revisions"}],"predecessor-version":[{"id":1431,"href":"https:\/\/infois.ro\/index.php?rest_route=\/wp\/v2\/posts\/1428\/revisions\/1431"}],"wp:featuredmedia":[{"embeddable":true,"href":"https:\/\/infois.ro\/index.php?rest_route=\/wp\/v2\/media\/1429"}],"wp:attachment":[{"href":"https:\/\/infois.ro\/index.php?rest_route=%2Fwp%2Fv2%2Fmedia&parent=1428"}],"wp:term":[{"taxonomy":"category","embeddable":true,"href":"https:\/\/infois.ro\/index.php?rest_route=%2Fwp%2Fv2%2Fcategories&post=1428"},{"taxonomy":"post_tag","embeddable":true,"href":"https:\/\/infois.ro\/index.php?rest_route=%2Fwp%2Fv2%2Ftags&post=1428"}],"curies":[{"name":"wp","href":"https:\/\/api.w.org\/{rel}","templated":true}]}}