{"id":14329,"date":"2014-11-07T13:23:01","date_gmt":"2014-11-07T11:23:01","guid":{"rendered":"http:\/\/infois.ro\/?p=14329"},"modified":"2014-11-07T13:23:01","modified_gmt":"2014-11-07T11:23:01","slug":"umoristii-si-prietenii-cartilor","status":"publish","type":"post","link":"https:\/\/infois.ro\/?p=14329","title":{"rendered":"Umori\u015ftii \u015fi prietenii c\u0103r\u0163ilor"},"content":{"rendered":"<p style=\"text-align: justify;\"><a class=\"highslide\" onclick=\"return vz.expand(this)\" href=\"http:\/\/infois.ro\/wp-content\/uploads\/2014\/11\/afis.jpg\"><img loading=\"lazy\" decoding=\"async\" class=\"alignleft  wp-image-14330\" title=\"afis\" src=\"http:\/\/infois.ro\/wp-content\/uploads\/cache\/2014\/11\/afis\/3654746943.jpg\" alt=\"\" width=\"360\" height=\"458\" \/><\/a><\/p>\n<p style=\"text-align: justify;\">Duminic\u0103, 9 noiembrie 2014, ora 11, la sediul Bibliotecii Jude\u0163ene \u201cGheorghe Asachi\u201d Ia\u015fi se va desf\u0103\u0219ura evenimentul cultural \u201cUmori\u015ftii \u015fi prietenii c\u0103r\u0163ilor\u201d, organizat de Asocia\u0163ia Universul Prieteniei, \u00een parteneriat cu Asocia\u0163ia Literar\u0103 \u201eP\u0103storel\u201d Ia\u015fi. Programul va cuprinde \u00a0o dubl\u0103 \u00a0lansare de carte: Mariana Rogoz Stratulat cu volumele \u201eFoc \u015fi ap\u0103\u201d \u015fi \u201eOchii din cuvinte\u201d. Prezint\u0103: Dr. Gheorghe Dr\u0103gan (scriitor, jurnalist, membru USR) \u015fi prof.univ. dr. Mihai P\u0103str\u0103gu\u015f. Invitat: poetul HORIA ZILIERU &#8211; membru USR.<\/p>\n<p style=\"text-align: justify;\">Epigrami\u015ftii prezen\u0163i la eveniment vor \u00eenveseli publicul.<\/p>\n<p style=\"text-align: justify;\">Tudor Andrei Ostafie- student la Universitatea de Arte \u201eGeorge Enescu\u201d Ia\u015fi-Facultatea de teatru va recita din volumele lansate, iar mica violonist\u0103 \u015etefania Turcu, elev\u0103 la Colegiul de Art\u0103 \u201eOctav B\u0103ncil\u0103\u201d- clasa profesor Calistrat Costin, va oferi un scurt recital.<\/p>\n<p style=\"text-align: justify;\">Evenimentul va fi moderat de Mihai Batog Bujeni\u0163\u0103 (pre\u015fedinte Asocia\u0163ia Literar\u0103 \u201eP\u0103storel\u201d) \u015fi Rodica Rodean (pre\u015fedinte Asocia\u0163ia \u201eUniversul Prieteniei\u201d).<\/p>\n<p style=\"text-align: justify;\"><em>Poezia Marianei Rogoz Stratulat este o t\u00e2nguire dulce, o melancolie tandr\u0103 sub aspectul subiectivului tr\u0103it la persoana \u00eent\u00e2i\u2026 Construit\u0103 din astfel de componente, poezia pl\u0103smuit\u0103 de Mariana Rogoz Stratulat are multiple calit\u0103\u0163i estetice: versul are cursivitate, ritm, culoare, muzicalitate \u015fi naturale\u0163e.<\/em><\/p>\n<p style=\"text-align: right;\" align=\"right\"><strong><em>Prof. univ. dr. Mihai P\u0103str\u0103gu\u015f<\/em><\/strong><\/p>\n<p style=\"text-align: right;\" align=\"right\"><em>Cu referire la volumul \u201cOchii din cuvinte\u201d<\/em><\/p>\n<p style=\"text-align: justify;\" align=\"right\"><strong><em>\u00a0<\/em><\/strong><\/p>\n<p style=\"text-align: justify;\"><em>&#8230; cred c\u0103 am \u00een fa\u0163\u0103 o reu\u015fit\u0103, o treapt\u0103 superioar\u0103 a poten\u0163ialului liric deja afirmat \u00een culegerile de versuri publicate de\u00a0 doamna Mariana Rogoz Stratulat \u00een ultimii cinci ani.\u00a0 <\/em><\/p>\n<p style=\"text-align: right;\" align=\"right\"><strong><em>Dr. Gheorghe Dr\u0103gan- membru USR<\/em><\/strong><\/p>\n<p style=\"text-align: right;\"><em>Cu referire la volumul \u201eFoc \u015fi ap\u0103\u201d<\/em><\/p>\n","protected":false},"excerpt":{"rendered":"<p>Duminic\u0103, 9 noiembrie 2014, ora 11, la sediul Bibliotecii Jude\u0163ene \u201cGheorghe Asachi\u201d Ia\u015fi se va&#8230; <a class=\"meta-more\" href=\"https:\/\/infois.ro\/?p=14329\">more <span class=\"meta-nav\">&raquo;<\/span><\/a><\/p>\n","protected":false},"author":2,"featured_media":14330,"comment_status":"open","ping_status":"closed","sticky":false,"template":"","format":"standard","meta":{"footnotes":""},"categories":[1],"tags":[],"aioseo_notices":[],"_links":{"self":[{"href":"https:\/\/infois.ro\/index.php?rest_route=\/wp\/v2\/posts\/14329"}],"collection":[{"href":"https:\/\/infois.ro\/index.php?rest_route=\/wp\/v2\/posts"}],"about":[{"href":"https:\/\/infois.ro\/index.php?rest_route=\/wp\/v2\/types\/post"}],"author":[{"embeddable":true,"href":"https:\/\/infois.ro\/index.php?rest_route=\/wp\/v2\/users\/2"}],"replies":[{"embeddable":true,"href":"https:\/\/infois.ro\/index.php?rest_route=%2Fwp%2Fv2%2Fcomments&post=14329"}],"version-history":[{"count":2,"href":"https:\/\/infois.ro\/index.php?rest_route=\/wp\/v2\/posts\/14329\/revisions"}],"predecessor-version":[{"id":14332,"href":"https:\/\/infois.ro\/index.php?rest_route=\/wp\/v2\/posts\/14329\/revisions\/14332"}],"wp:featuredmedia":[{"embeddable":true,"href":"https:\/\/infois.ro\/index.php?rest_route=\/wp\/v2\/media\/14330"}],"wp:attachment":[{"href":"https:\/\/infois.ro\/index.php?rest_route=%2Fwp%2Fv2%2Fmedia&parent=14329"}],"wp:term":[{"taxonomy":"category","embeddable":true,"href":"https:\/\/infois.ro\/index.php?rest_route=%2Fwp%2Fv2%2Fcategories&post=14329"},{"taxonomy":"post_tag","embeddable":true,"href":"https:\/\/infois.ro\/index.php?rest_route=%2Fwp%2Fv2%2Ftags&post=14329"}],"curies":[{"name":"wp","href":"https:\/\/api.w.org\/{rel}","templated":true}]}}