{"id":14595,"date":"2014-11-22T06:51:23","date_gmt":"2014-11-22T04:51:23","guid":{"rendered":"http:\/\/infois.ro\/?p=14595"},"modified":"2014-11-22T06:51:23","modified_gmt":"2014-11-22T04:51:23","slug":"bazele-de-deszapezire-din-judet-inspectate-de-presedintele-cj-iasi","status":"publish","type":"post","link":"https:\/\/infois.ro\/?p=14595","title":{"rendered":"Bazele de desz\u0103pezire din jude\u021b, inspectate de pre\u0219edintele CJ Ia\u0219i"},"content":{"rendered":"<p style=\"text-align: justify;\"><a class=\"highslide\" onclick=\"return vz.expand(this)\" href=\"http:\/\/infois.ro\/wp-content\/uploads\/2014\/11\/baze-de-deszapezire.jpg\"><img loading=\"lazy\" decoding=\"async\" class=\"alignleft  wp-image-14596\" title=\"baze-de-deszapezire\" src=\"http:\/\/infois.ro\/wp-content\/uploads\/cache\/2014\/11\/baze-de-deszapezire\/1464903625.jpg\" alt=\"\" width=\"360\" height=\"222\" \/><\/a><\/p>\n<p style=\"text-align: justify;\">Pre\u0219edintele Consiliului Jude\u021bean (CJ) Ia\u0219i, Cristian Adomni\u021bei, a efectuat vineri, 21 noiembrie, o vizit\u0103 de lucru la bazele de desz\u0103pezire din jude\u0163. Principalele opriri au avut loc la bazele din Ia\u015fi \u015fi T\u00e2rgu Frumos. \u201dLa fel ca \u015fi anul trecut, la Ia\u015fi, sosirea iernii ne-a g\u0103sit preg\u0103ti\u0163i. Noi avem un contract-cadru multianual, pe patru ani, cu un consor\u0163iu de companii pentru desz\u0103pezirea drumurilor jude\u0163ene. Consor\u0163iul are \u0219ase baze: trei baze principale, la Ia\u015fi, T\u00e2rgu Frumos \u015fi Pa\u015fcani, \u015fi trei puncte de sprijin, la Vl\u0103deni, R\u0103duc\u0103neni \u015fi \u0162ib\u0103ne\u015fti. Avem sub contract un total de 40 de utilaje, din care 35 sunt angrenate direct \u015fi cinci sunt \u00een rezerv\u0103. Din cele 35 de utilaje aflate la lucru, avem 17 camioane cu s\u0103r\u0103ri\u0163\u0103, care ast\u0103zi (vineri \u2013 21 noiembrie \u2013 n.r.) au fost \u00een jude\u0163, \u0219ase \u00eenc\u0103rc\u0103toare frontale, c\u00e2te unul \u00een fiecare baz\u0103, \u0219ase autogredere \u015fi \u0219ase freze de z\u0103pad\u0103. Prin eforturile pe care le-am depus la Consiliul Jude\u0163ean Ia\u015fi \u015fi cele depuse de ceilal\u0163i pre\u015fedin\u0163i de consilii jude\u0163ene din Regiunea de Nord-Est, \u00eencep\u00e2nd din aceast\u0103 iarn\u0103, fiecare din cele \u0219ase \u00a0inspectorate pentru situa\u0163ii de urgen\u0163\u0103 va primi c\u00e2te o nou\u0103 ambulan\u0163\u0103 \u015fenilat\u0103. Cele \u0219ase \u015fenilate vor putea interveni indiferent de vreme \u015fi relief. \u00cen plus, vor veni 24 de freze noi de z\u0103pad\u0103, care vor fi distribuite celor \u0219ase inspectorate din regiune, \u00een func\u0163ie de m\u0103rimea jude\u0163ului. Jude\u0163ului Ia\u015fi \u00eei vor reveni cinci freze. \u00cen acest mod, Inspectoratul pentru Situa\u0163ii de Urgen\u0163\u0103 Ia\u0219i va deveni complet autonom, put\u00e2nd s\u0103 intervin\u0103 la cazurile medicale, \u015fi va l\u0103sa drumarii s\u0103-\u015fi fac\u0103 nestingheri\u0163i treaba, atunci c\u00e2nd vine ninsoarea\u201d, a declarat Cristian Adomni\u021bei. De remarcat c\u0103 persoanele interesate pot vedea \u00een timp real unde se afl\u0103 \u015fi cum ac\u0163ioneaz\u0103 utilajele de desz\u0103pezire, acces\u00e2nd site-ul Consiliului Jude\u0163ean Ia\u015fi,\u00a0la adresa <a href=\"http:\/\/www.icc.ro\/\" target=\"_blank\">www.icc.ro<\/a>\u00a0(dreapta sus).<\/p>\n","protected":false},"excerpt":{"rendered":"<p>Pre\u0219edintele Consiliului Jude\u021bean (CJ) Ia\u0219i, Cristian Adomni\u021bei, a efectuat vineri, 21 noiembrie, o vizit\u0103 de&#8230; <a class=\"meta-more\" href=\"https:\/\/infois.ro\/?p=14595\">more <span class=\"meta-nav\">&raquo;<\/span><\/a><\/p>\n","protected":false},"author":2,"featured_media":14596,"comment_status":"open","ping_status":"closed","sticky":false,"template":"","format":"standard","meta":{"footnotes":""},"categories":[1,41],"tags":[74,374,1310,3990],"aioseo_notices":[],"_links":{"self":[{"href":"https:\/\/infois.ro\/index.php?rest_route=\/wp\/v2\/posts\/14595"}],"collection":[{"href":"https:\/\/infois.ro\/index.php?rest_route=\/wp\/v2\/posts"}],"about":[{"href":"https:\/\/infois.ro\/index.php?rest_route=\/wp\/v2\/types\/post"}],"author":[{"embeddable":true,"href":"https:\/\/infois.ro\/index.php?rest_route=\/wp\/v2\/users\/2"}],"replies":[{"embeddable":true,"href":"https:\/\/infois.ro\/index.php?rest_route=%2Fwp%2Fv2%2Fcomments&post=14595"}],"version-history":[{"count":2,"href":"https:\/\/infois.ro\/index.php?rest_route=\/wp\/v2\/posts\/14595\/revisions"}],"predecessor-version":[{"id":14598,"href":"https:\/\/infois.ro\/index.php?rest_route=\/wp\/v2\/posts\/14595\/revisions\/14598"}],"wp:featuredmedia":[{"embeddable":true,"href":"https:\/\/infois.ro\/index.php?rest_route=\/wp\/v2\/media\/14596"}],"wp:attachment":[{"href":"https:\/\/infois.ro\/index.php?rest_route=%2Fwp%2Fv2%2Fmedia&parent=14595"}],"wp:term":[{"taxonomy":"category","embeddable":true,"href":"https:\/\/infois.ro\/index.php?rest_route=%2Fwp%2Fv2%2Fcategories&post=14595"},{"taxonomy":"post_tag","embeddable":true,"href":"https:\/\/infois.ro\/index.php?rest_route=%2Fwp%2Fv2%2Ftags&post=14595"}],"curies":[{"name":"wp","href":"https:\/\/api.w.org\/{rel}","templated":true}]}}