{"id":14723,"date":"2014-11-29T11:17:56","date_gmt":"2014-11-29T09:17:56","guid":{"rendered":"http:\/\/infois.ro\/?p=14723"},"modified":"2014-11-29T11:17:56","modified_gmt":"2014-11-29T09:17:56","slug":"peste-8-800-de-elevi-si-prescolari-ieseni-au-participat-la-campania-de-sprijinire-a-persoanelor-aflate-in-dificultate","status":"publish","type":"post","link":"https:\/\/infois.ro\/?p=14723","title":{"rendered":"Peste 8.800 de elevi \u0219i pre\u0219colari ie\u0219eni au participat la campania de sprijinire a persoanelor aflate \u00een dificultate"},"content":{"rendered":"<p style=\"text-align: justify;\"><a class=\"highslide\" onclick=\"return vz.expand(this)\" href=\"http:\/\/infois.ro\/wp-content\/uploads\/2014\/11\/elevi-in-campanie.jpg\"><img loading=\"lazy\" decoding=\"async\" class=\"alignleft  wp-image-14724\" title=\"elevi-in-campanie\" src=\"http:\/\/infois.ro\/wp-content\/uploads\/cache\/2014\/11\/elevi-in-campanie\/3728001867.jpg\" alt=\"\" width=\"360\" height=\"268\" \/><\/a><\/p>\n<p style=\"text-align: justify;\">Peste 8.800 de elevi\u00a0\u015fi pre\u015fcolari din jude\u0163ul Ia\u015fi au fost antrena\u0163i timp de o s\u0103pt\u0103m\u00e2n\u0103 \u00eentr-o campanie care a avut ca scop sprijinirea persoanelor aflate \u00een dificultate Potrivit ini\u021biatorilor campaniei, fa\u021b\u0103 de anul trecut,\u00a0\u00a0num\u0103rul elevilor \u015fi al profesorilor voluntari a crescut cu un procent de\u00a0 peste 50%.\u00a0\u00a0Astfel, \u00een perioada\u00a017 \u2013 21 noiembrie, \u00een 70 de unit\u0103\u0163i de \u00eenv\u0103\u0163\u0103m\u00e2nt din jude\u0163 (peste o treime din totalul unit\u0103\u021bilor din jude\u021b)\u00a0s-a derulat campania social \u201dS\u0103pt\u0103m\u00e2na legumelor \u015fi \u00a0\u00a0fructelor donate&#8221;,\u00a0inclus\u0103 \u00een cadrul Strategiei Na\u0163ionale de Ac\u0163iune Comunitar\u0103 (SNAC).\u00a0Campania a implicat voluntari, elevi \u015fi profesori, de la \u015fcolile care promoveaz\u0103 ac\u0163iunile umanitare din cadrul SNAC. \u201dScopul acestei campanii este acela de a sensibiliza elevii \u015fi profesorii din unit\u0103\u0163ile de \u00eenv\u0103\u0163\u0103m\u00e2nt cu privire la situa\u0163ia dificil\u0103 \u00een care se afl\u0103 persoanele afectate de lipsa de alimente.\u00a0Prin acest demers se inten\u0163ioneaz\u0103 consolidarea abilit\u0103\u0163ilor copiilor de a tr\u0103i \u00eempreun\u0103 cu ceilal\u0163i \u00eentr-o societate unit\u0103 \u015fi solidar\u0103\u00a0 \u00een care conteaz\u0103 valen\u0163ele umanitare, implicarea, angajamentul, responsabilitatea\u201d, a declarat Gabriela Raus, inspector de specialitate, coordonator jude\u0163ean SNAC. Campania ,\u201dS\u0103pt\u0103m\u00e2na legumelor\u00a0\u015fi a fructelor\u00a0donate&#8221; a constat \u00een str\u00e2ngerea de legume \u015fi fructe de c\u0103tre elevii voluntari implica\u0163i \u00een programul Strategiei Na\u0163ionale de Ac\u0163iune Comunitar\u0103 (SNAC) \u015fi donarea lor familiilor aflate \u00een dificultate sau unor institu\u0163ii sociale. Concret, \u00een jude\u0163ul Ia\u015fi s-au implicat\u00a070 de \u015fcoli \u015fi gr\u0103dini\u0163e,\u00a0care au antrenat \u00een acest demers\u00a08 299 de elevi \u015fi pre\u015fcolari, precum\u00a0\u0219i\u00a0866 de cadre didactice. Au beneficiat de rezultatele campaniei\u00a04 368 de \u00a0elevi\u00a0\u015fi\u00a0persoane defavorizate din jude\u021bul Ia\u0219i. Dona\u021biile au constat \u00een:legume \u015fi fructe \u00een cantitate total\u0103 de aproximativ\u00a015.000 kilograme, 410\u00a0 kilograme de f\u0103in\u0103 alb\u0103, m\u0103lai, paste f\u0103inoase, \u00a0orez, zah\u0103r, 360 l ulei, 233 borcane cu zacusc\u0103, compot, dulcea\u0163\u0103 \u015fi gem,miere, 233 pachete cu \u00a0dulciuri , sume de bani. Beneficiarii au fost persoane din categorii defavorizate: elevi cu dizabilit\u0103\u0163i din \u015fcoli speciale sau din Centre de plasament, familii aflate \u00een dificultate din comunit\u0103\u0163i apropiate \u015fcolilor, b\u0103tr\u00e2ni din institu\u0163ii de ocrotire social\u0103.<\/p>\n","protected":false},"excerpt":{"rendered":"<p>Peste 8.800 de elevi\u00a0\u015fi pre\u015fcolari din jude\u0163ul Ia\u015fi au fost antrena\u0163i timp de o s\u0103pt\u0103m\u00e2n\u0103&#8230; <a class=\"meta-more\" href=\"https:\/\/infois.ro\/?p=14723\">more <span class=\"meta-nav\">&raquo;<\/span><\/a><\/p>\n","protected":false},"author":2,"featured_media":14724,"comment_status":"open","ping_status":"closed","sticky":false,"template":"","format":"standard","meta":{"footnotes":""},"categories":[12],"tags":[3515,3390,89,3558,3559,6169],"aioseo_notices":[],"_links":{"self":[{"href":"https:\/\/infois.ro\/index.php?rest_route=\/wp\/v2\/posts\/14723"}],"collection":[{"href":"https:\/\/infois.ro\/index.php?rest_route=\/wp\/v2\/posts"}],"about":[{"href":"https:\/\/infois.ro\/index.php?rest_route=\/wp\/v2\/types\/post"}],"author":[{"embeddable":true,"href":"https:\/\/infois.ro\/index.php?rest_route=\/wp\/v2\/users\/2"}],"replies":[{"embeddable":true,"href":"https:\/\/infois.ro\/index.php?rest_route=%2Fwp%2Fv2%2Fcomments&post=14723"}],"version-history":[{"count":1,"href":"https:\/\/infois.ro\/index.php?rest_route=\/wp\/v2\/posts\/14723\/revisions"}],"predecessor-version":[{"id":14725,"href":"https:\/\/infois.ro\/index.php?rest_route=\/wp\/v2\/posts\/14723\/revisions\/14725"}],"wp:featuredmedia":[{"embeddable":true,"href":"https:\/\/infois.ro\/index.php?rest_route=\/wp\/v2\/media\/14724"}],"wp:attachment":[{"href":"https:\/\/infois.ro\/index.php?rest_route=%2Fwp%2Fv2%2Fmedia&parent=14723"}],"wp:term":[{"taxonomy":"category","embeddable":true,"href":"https:\/\/infois.ro\/index.php?rest_route=%2Fwp%2Fv2%2Fcategories&post=14723"},{"taxonomy":"post_tag","embeddable":true,"href":"https:\/\/infois.ro\/index.php?rest_route=%2Fwp%2Fv2%2Ftags&post=14723"}],"curies":[{"name":"wp","href":"https:\/\/api.w.org\/{rel}","templated":true}]}}