{"id":14737,"date":"2014-12-01T19:01:26","date_gmt":"2014-12-01T17:01:26","guid":{"rendered":"http:\/\/infois.ro\/?p=14737"},"modified":"2014-12-01T19:01:26","modified_gmt":"2014-12-01T17:01:26","slug":"primaria-scoate-la-licitatie-noi-locuri-de-parcare-de-resedinta","status":"publish","type":"post","link":"https:\/\/infois.ro\/?p=14737","title":{"rendered":"Prim\u0103ria scoate la licita\u0163ie noi locuri de parcare de re\u015fedin\u0163\u0103"},"content":{"rendered":"<p style=\"text-align: justify;\"><a class=\"highslide\" onclick=\"return vz.expand(this)\" href=\"http:\/\/infois.ro\/wp-content\/uploads\/2014\/12\/parcare.jpg\"><img loading=\"lazy\" decoding=\"async\" class=\"alignleft  wp-image-14738\" title=\"parcare\" src=\"http:\/\/infois.ro\/wp-content\/uploads\/cache\/2014\/12\/parcare\/3012168244.jpg\" alt=\"\" width=\"360\" height=\"229\" \/><\/a><\/p>\n<p style=\"text-align: justify;\">\u00cen luna decembrie, Prim\u0103ria scoate la licita\u021bie noi locuri de parcare de re\u0219edin\u021b\u0103.<strong> <\/strong>Primele 17 dintre acestea , situate \u00een str. Vasile Lupu nr. 118, vor fi licitate \u00een data de 3 decembrie, la ora 14.00. Drept de participare la aceast\u0103 procedur\u0103 au locatarii blocurilor Q3, D3, S5, B3, C1, ace\u015ftia put\u00e2nd depune dosarele p\u00e2n\u0103 la data de 2 decembrie, ora 13.00. Alte patru locuri de parcare ce vor fi supuse licita\u0163iei publice cu strigare se afl\u0103 \u00een str. Gr\u0103dinari nr. 4. Imobilele care pot participa la licita\u0163ia programat\u0103 \u00een data de 4 decembrie, ora 14.00, sunt blocurile E11, E12, E13, E14, E15 \u015fi A4-5, termenul limit\u0103 de depunere a dosarelor fiind 3 decembrie, ora 13.00. Pe 8 decembrie, tot la ora 14.00, este fixat\u0103 o alt\u0103 licita\u0163ie, cea pentru \u00eenchirierea a 12 locuri de parcare, aflate \u00een \u015fos. Arcu nr. 10. Imobilele cu drept de participare sunt blocurile Z17 \u015fi Z18, iar dosarele pot fi depuse p\u00e2n\u0103 cel t\u00e2rziu pe 5 decembrie, ora 13.00. De asemenea, pe data de 9 decembrie, la ora 14.00, va fi organizat\u0103 o licita\u0163ie pentru \u00eenchirierea unui loc de parcare, situat pe Splai Bahlui nr. 16A, imobilele cu drept de participare la licitatie fiind blocurile B12, B13, B14 \u015fi G3, iar data limit\u0103 de depunere a dosarelor 5 decembrie, ora 11.00. Toate licita\u0163iile se vor desf\u0103\u015fura la sediul Direc\u021biei de Administrare a Patrimoniului Public \u0219i Privat (DAPPP), din str. Sm\u00e2rdan nr. 5, et. 3. Rela\u0163ii suplimentare privind procurarea documenta\u0163iei \u015fi condi\u0163iile de participare se pot ob\u0163ine de la DAPPP, str. Sm\u00e2rdan nr. 5, cam. 9, parter, telefon 0232\/264.246, int. 22.<\/p>\n","protected":false},"excerpt":{"rendered":"<p>\u00cen luna decembrie, Prim\u0103ria scoate la licita\u021bie noi locuri de parcare de re\u0219edin\u021b\u0103. Primele 17&#8230; <a class=\"meta-more\" href=\"https:\/\/infois.ro\/?p=14737\">more <span class=\"meta-nav\">&raquo;<\/span><\/a><\/p>\n","protected":false},"author":2,"featured_media":14738,"comment_status":"open","ping_status":"closed","sticky":false,"template":"","format":"standard","meta":{"footnotes":""},"categories":[1,41],"tags":[74,4634,846,1671,296],"aioseo_notices":[],"_links":{"self":[{"href":"https:\/\/infois.ro\/index.php?rest_route=\/wp\/v2\/posts\/14737"}],"collection":[{"href":"https:\/\/infois.ro\/index.php?rest_route=\/wp\/v2\/posts"}],"about":[{"href":"https:\/\/infois.ro\/index.php?rest_route=\/wp\/v2\/types\/post"}],"author":[{"embeddable":true,"href":"https:\/\/infois.ro\/index.php?rest_route=\/wp\/v2\/users\/2"}],"replies":[{"embeddable":true,"href":"https:\/\/infois.ro\/index.php?rest_route=%2Fwp%2Fv2%2Fcomments&post=14737"}],"version-history":[{"count":1,"href":"https:\/\/infois.ro\/index.php?rest_route=\/wp\/v2\/posts\/14737\/revisions"}],"predecessor-version":[{"id":14739,"href":"https:\/\/infois.ro\/index.php?rest_route=\/wp\/v2\/posts\/14737\/revisions\/14739"}],"wp:featuredmedia":[{"embeddable":true,"href":"https:\/\/infois.ro\/index.php?rest_route=\/wp\/v2\/media\/14738"}],"wp:attachment":[{"href":"https:\/\/infois.ro\/index.php?rest_route=%2Fwp%2Fv2%2Fmedia&parent=14737"}],"wp:term":[{"taxonomy":"category","embeddable":true,"href":"https:\/\/infois.ro\/index.php?rest_route=%2Fwp%2Fv2%2Fcategories&post=14737"},{"taxonomy":"post_tag","embeddable":true,"href":"https:\/\/infois.ro\/index.php?rest_route=%2Fwp%2Fv2%2Ftags&post=14737"}],"curies":[{"name":"wp","href":"https:\/\/api.w.org\/{rel}","templated":true}]}}