{"id":1497,"date":"2012-08-27T11:51:18","date_gmt":"2012-08-27T08:51:18","guid":{"rendered":"http:\/\/infois.ro\/?p=1497"},"modified":"2012-08-27T11:51:18","modified_gmt":"2012-08-27T08:51:18","slug":"primaria-promite-ca-in-curand-haosul-din-circulatie-va-lua-sfarsit","status":"publish","type":"post","link":"https:\/\/infois.ro\/?p=1497","title":{"rendered":"Prim\u0103ria promite c\u0103, \u00een cur\u00e2nd, haosul din circula\u0163ie va lua sf\u00e2r\u015fit"},"content":{"rendered":"<p style=\"text-align: justify;\"><a class=\"highslide\" onclick=\"return vz.expand(this)\" href=\"http:\/\/infois.ro\/wp-content\/uploads\/2012\/08\/haosul-din-circulatie.jpg\"><img loading=\"lazy\" decoding=\"async\" class=\"alignnone size-large wp-image-1498\" title=\"haosul din circulatie\" src=\"http:\/\/infois.ro\/wp-content\/uploads\/cache\/2012\/08\/haosul-din-circulatie\/3093571240.jpg\" alt=\"\" width=\"455\" height=\"280\" \/><\/a><\/p>\n<p style=\"text-align: justify;\">\u00cen scurt timp, calvarul \u015foferilor care circul\u0103 pe str\u0103zile din municipiul Ia\u015fi ar putea lua sf\u00e2r\u015fit, odat\u0103 cu introducerea unor reguli noi de deplasare a autovehiculelor \u00een perimetrul delimitat de zonele \u00een care, \u00een prezent, au loc lucr\u0103ri de refacere a infrastructurii rutiere. Astfel, potrivit reprezentan\u0163ilor municipalit\u0103\u0163ii, \u00een perioada urm\u0103toare va fi elaborat un proiect care s\u0103 prevad\u0103 m\u0103suri de decongestionare a traficului rutier pe principalele artere de circula\u0163ie, \u00een special pe cele din centrul ora\u015fului. Principala noutate \u00een acest sens o reprezint\u0103 crearea unor a\u015fa-zise \u201cinele\u201d de circula\u0163ie \u00een jurul str\u0103zilor principale din centrul municipiului. Primul inel ar urma s\u0103 includ\u0103 str\u0103zile Anastasie Panu, Palat \u015fi Sf\u00e2ntul Laz\u0103r, \u00een timp ce inelul doi ar trebui s\u0103 permit decongestioanrea traficului de pe Bulevardul Independen\u0163ei, strada Elena Doamna \u015fi Bulevardul Tudor Vladimirescu. &#8220;Leg\u0103tura \u00eentre aceste dou\u0103 inele ar urma s\u0103 se fac\u0103 prin str\u0103zi cu sens unic. Pe str\u0103du\u0163ele cu sens unic se va putea parca \u015fi astfel se va rezolva o problem\u0103 major\u0103 la Ia\u015fi\u201d, a declarat prof. univ. Radu Gaiginschi, de la Catedra Transporturi a Universit\u0103\u0163ii Tehnice \u201cGheorghe Asachi\u201d, care a ad\u0103ugat c\u0103, prin impunerea acestei m\u0103suri, limita de vitez\u0103 \u00een municipiu ar putea cre\u015fte la 70 km\/h. Introducerea inelelor \u00een jurul principelelor artere de circula\u0163ie din municipiu nu este, \u00eens\u0103, singura m\u0103sur\u0103 avut\u0103 \u00een vedere de autorit\u0103\u0163i pentru eliminrea haosului din trafic. Potrivit primarului Gheorghe Nichita, intersec\u0163ia str\u0103zii Palat cu Bulevardul \u015etefan cel Mare va fi semaforizat\u0103 special pentru pietoni. Lucr\u0103rile de transformare a Bulevardului \u015etefan cel Mare \u015fi Sf\u00e2nt \u00een arter\u0103 exclusiv pietonal\u0103 vor continua, prima etap\u0103, respectiv cea care cuprinde tronsonul cuprins \u00eentre strada Anastasie Panu \u015fi strada Costache Negri urm\u00e2nd s\u0103 se finalizeze la sf\u00e2r\u015fitul lunii septembrie, tronsonul cuprins \u00eentre str\u0103zile Costache Negri \u015fi Colonel Langa urm\u00e2nd s\u0103 \u00eenceap\u0103 \u00een octombrie, dup\u0103 \u201cS\u0103rb\u0103torile Ia\u015filor\u201d. Ca urmare a lucr\u0103rilor de pe Bulevardul \u015etefan cel Mare \u015fi Sf\u00e2nt, circula\u0163ia auto \u00een zona Moldova Mall va suporta \u00een perioada urm\u0103toare o modific\u0103ri, cele mai importante dintre acestea fiind introducerea sensului unic pe strada Costache Negri, de la intersec\u0163ia cu strada Timpului (\u00eentre Casa P\u0103trat\u0103 \u015fi Moldova Mall) p\u00e2n\u0103 la strada Armean\u0103, direc\u0163ia spre Hala Central\u0103, precum \u015fi introducerea semaforiz\u0103rii la intersec\u0163ia dintre strada Anastasie Panu \u015fi strada Timpului. Pentru o mai bun\u0103 conlucrare \u00eentre constructori \u015fi autorit\u0103\u0163i, la nivelul Prim\u0103riei va fi \u00eenfin\u0163at un Departament de Circula\u0163ie, \u00een cadrul c\u0103ruia vor fi coopta\u0163i \u015fi o serie de speciali\u015fti. \u201c\u00cen principiu, membrii acestui departamant \u00a0vor face proiecte de extinderi de str\u0103zi, unde este cazul, de l\u0103rgire sau de \u00eenfiin\u0163are de noi trotuare \u015fi vor gestiona, de asemenea, problema parc\u0103rilor&#8221;, a declarat primarul Gheorghe Nichita.<\/p>\n","protected":false},"excerpt":{"rendered":"<p>\u00cen scurt timp, calvarul \u015foferilor care circul\u0103 pe str\u0103zile din municipiul Ia\u015fi ar putea lua&#8230; <a class=\"meta-more\" href=\"https:\/\/infois.ro\/?p=1497\">more <span class=\"meta-nav\">&raquo;<\/span><\/a><\/p>\n","protected":false},"author":2,"featured_media":1498,"comment_status":"open","ping_status":"open","sticky":false,"template":"","format":"standard","meta":{"footnotes":""},"categories":[1,41],"tags":[74,692,40],"aioseo_notices":[],"_links":{"self":[{"href":"https:\/\/infois.ro\/index.php?rest_route=\/wp\/v2\/posts\/1497"}],"collection":[{"href":"https:\/\/infois.ro\/index.php?rest_route=\/wp\/v2\/posts"}],"about":[{"href":"https:\/\/infois.ro\/index.php?rest_route=\/wp\/v2\/types\/post"}],"author":[{"embeddable":true,"href":"https:\/\/infois.ro\/index.php?rest_route=\/wp\/v2\/users\/2"}],"replies":[{"embeddable":true,"href":"https:\/\/infois.ro\/index.php?rest_route=%2Fwp%2Fv2%2Fcomments&post=1497"}],"version-history":[{"count":1,"href":"https:\/\/infois.ro\/index.php?rest_route=\/wp\/v2\/posts\/1497\/revisions"}],"predecessor-version":[{"id":1499,"href":"https:\/\/infois.ro\/index.php?rest_route=\/wp\/v2\/posts\/1497\/revisions\/1499"}],"wp:featuredmedia":[{"embeddable":true,"href":"https:\/\/infois.ro\/index.php?rest_route=\/wp\/v2\/media\/1498"}],"wp:attachment":[{"href":"https:\/\/infois.ro\/index.php?rest_route=%2Fwp%2Fv2%2Fmedia&parent=1497"}],"wp:term":[{"taxonomy":"category","embeddable":true,"href":"https:\/\/infois.ro\/index.php?rest_route=%2Fwp%2Fv2%2Fcategories&post=1497"},{"taxonomy":"post_tag","embeddable":true,"href":"https:\/\/infois.ro\/index.php?rest_route=%2Fwp%2Fv2%2Ftags&post=1497"}],"curies":[{"name":"wp","href":"https:\/\/api.w.org\/{rel}","templated":true}]}}