{"id":15329,"date":"2015-01-15T18:03:57","date_gmt":"2015-01-15T16:03:57","guid":{"rendered":"http:\/\/infois.ro\/?p=15329"},"modified":"2015-01-15T18:03:57","modified_gmt":"2015-01-15T16:03:57","slug":"trei-proiecte-importante-supuse-dezbaterii-publice-de-umf-iasi","status":"publish","type":"post","link":"https:\/\/infois.ro\/?p=15329","title":{"rendered":"Trei proiecte importante supuse dezbaterii publice de UMF Ia\u0219i"},"content":{"rendered":"<p style=\"text-align: justify;\"><a href=\"http:\/\/infois.ro\/wp-content\/uploads\/2015\/01\/proiecte-umf-iasi1.jpg\"><img loading=\"lazy\" decoding=\"async\" class=\"alignleft  wp-image-15331\" src=\"http:\/\/infois.ro\/wp-content\/uploads\/cache\/2015\/01\/proiecte-umf-iasi1\/791697317.jpg\" alt=\"proiecte-umf-iasi\" width=\"411\" height=\"275\" \/><\/a><\/p>\n<p style=\"text-align: justify;\">O nou\u0103 fa\u021b\u0103 a Pie\u021bei Na\u021biunilor, \u00eenfiin\u021barea unui Centru de Abilit\u0103\u021bi Fundamentale \u0219i, respectiv, crearea unui Centru de Reabilitare Medical\u0103 \u0219i Educa\u021bie Fizic\u0103, acestea sunt cele mai importante proiecte de investi\u021bii ale Universit\u0103\u021bii de Medicin\u0103 \u0219i Farmacie (UMF) \u201dGrigore T. Popa\u201d din Ia\u0219i, incluse \u00een strategia de dezvoltare pe termen mediu a institu\u021biei. Cele trei proiecte au fost lansate spre dezbatere public\u0103 \u00een cadrul unei conferin\u021be extraordianre de pres\u0103, la care au participat reprezentan\u021bii UMF &#8211; rectorul Vasile Ast\u0103r\u0103stoae \u0219i directorul general al institu\u021biei, Dana Drugu\u0219, dar \u0219i partenerii pentru implementarea acestor proiecte: Gheorghe Nichita, primarul Ia\u0219ului, Cristian Adomni\u021bei, pre\u0219edintele Consiliului Jude\u021bean Ia\u0219i, \u0219i, nu \u00een ultimul r\u00e2nd,\u00a0arhitec\u021bii care au pus planurile pe h\u00e2rtie: Daniel Vi\u0219an \u0219i Sebastian S\u0103vescu. \u201dUnele dintre aceste proiecte vor schimba fa\u021ba Ia\u0219ului. Deschidem ast\u0103zi o serie de conferin\u021be de dezbateri \u00een care vom prezenta aceste proiecte. Aceste conferin\u021be nu sunt formale, pentru c\u0103 vom primi feedback-ul, at\u00e2t de la profesioni\u0219tii din Ia\u0219i, c\u00e2t \u0219i de la societatea civil\u0103. Iar aceste observa\u021bii, aceste idei, le vom integra \u00een acest program\u201d, a precizat Vasile Ast\u0103r\u0103stoae, rectorul UMF Ia\u0219i. \u201dM\u0103 g\u00e2ndeam ce se \u00eent\u00e2mpla \u00een Ia\u0219i acum 14 ani. Mai nimic, nu existau investi\u021bii. Ast\u0103zi avem un ora\u0219 provocator, european. C\u00e2t prive\u0219te proiectele universit\u0103\u021bii, ave\u021bi studii de fezabilitate, dar ce e mai important este c\u0103 ave\u021bi \u0219i banii necesari implement\u0103rii proiectelor. Iar ie\u0219enii care s-au obi\u0219nuit cu \u0219antierele din Ia\u0219i vor avea r\u0103bdare\u201d<strong><em>,<\/em><\/strong>a spus, la r\u00e2ndul s\u0103u, Gheorghe Nichita, primarul Ia\u0219ului. \u201dEste o mare onoare \u015fi bucurie s\u0103 particip la lansarea acestor proiecte. \u00cen numele \u00eentregii comunit\u0103\u0163i mul\u0163umesc Universit\u0103\u0163ii pentru toat\u0103 plusvaloarea adus\u0103 Ia\u015fului, at\u00e2t din contribu\u0163ia adus\u0103 \u00een domeniile educa\u0163iei \u015fi s\u0103n\u0103t\u0103\u0163ii, c\u00e2t \u015fi pentru acest rol, de deschiz\u0103tor de drumuri. Trebuie apreciat \u015fi faptul c\u0103, \u00een jude\u0163ul nostru, Universitatea de Medicin\u0103 \u015fi Farmacie de\u0163ine locul I \u00een ceea ce prive\u015fte aspectul cosmopolit al Ia\u015fului. Dac\u0103 nu ar fi fost Universitatea de Medicin\u0103 \u015fi Farmacie, Ia\u015ful nu ar fi avut acest aspect\u201d, a declarat Cristian Adomni\u021bei, pre\u0219edintele Consiliului Jude\u021bean. Universitatea de Medicin\u0103 \u0219i Farmacie \u201eGrigore T. Popa\u201d Ia\u0219i urm\u0103re\u0219te revalorificarea Pia\u021bei Na\u021biunii, a c\u0103rei suprafa\u021b\u0103 este de cca 6.000 de mp, spa\u021biu insuficient exploatat. \u00a0\u201dPrin acest proiect, care este \u0219i cel mai important, noi dorim \u00een primul r\u00e2nd s\u0103 valorific\u0103m ansamblul arhitectural al universit\u0103\u021bii, pentru c\u0103 toate cl\u0103dirile din jurul nostru sunt monumente istorice, \u00een care universitatea a investit \u0219i a realizat lucr\u0103ri de consolidare \u0219i de reabilitare. Urm\u0103rim, de asemenea, s\u0103 realiz\u0103m o rezolvare c\u00e2t se poate de bun\u0103 a situa\u021biei cu parcajul\u201d, a afirmat Dana Drugu\u0219, directorul general al universit\u0103\u021bii. Valoarea estimat\u0103 a investi\u021biei este de 12 milioane de euro \u0219i poate fi realizat\u0103 \u00eentr-un interval de 24 de luni. Vor fi realizate urm\u0103toarele obiective: spa\u021bii de parcare subteran\u0103 &#8211; 230 de locuri &#8211; distribuite pe dou\u0103 niveluri, spa\u021bii culturale \u0219i sociale, muzeul cu circuit deschis \u201eGrigore T. Popa\u201d, spa\u021bii expozi\u021bionale, bibliotec\u0103 \u0219i o zon\u0103 de cafet\u0103rie, dotat\u0103 cu internet wi-fi \u0219i pus\u0103 la dispozi\u021bia studen\u021bilor pentru studiu \u0219i recreere.<strong> \u201d<\/strong>Dac\u0103 tot facem un astfel de proiect, am spus s\u0103 ie\u0219im \u0219i noi c\u0103tre comunitate: am pozi\u021bionat \u00een aceea\u0219i cl\u0103dire un spa\u021biu \u00eentreg pentru muzeul universit\u0103\u021bii, pentru bibliotec\u0103, pentru spa\u021bii expozi\u021bionale \u0219i s\u0103li de conferin\u021be. Pentru c\u0103 vrem \u00een aceast\u0103 zon\u0103 din fa\u021ba universit\u0103\u021bii s\u0103 deschidem toate activit\u0103\u021bile care pot fi v\u0103zute de \u00eentreaga comunitate despre via\u021ba universit\u0103\u021bii\u201d, a mai precizat Dana Drugu\u0219. Potrivit acesteia, universitatea de medicin\u0103 ie\u0219ean\u0103 se confrunt\u0103 cu o lips\u0103 a bazelor clinice, precum \u0219i a spa\u021biilor necesare pentru exersarea \u0219i verificarea abilit\u0103\u021bilor practice ale studen\u021bilor \u0219i reziden\u021bilor, al c\u0103ror num\u0103r cre\u0219te constant. \u00cen particular, universitatea are nevoie de un spa\u021biu vast \u0219i dedicat exclusiv pentru dezvoltarea unui Centru de Abilit\u0103\u021bi Fundamentale, o component\u0103 esen\u021bial\u0103 \u00een buna formare a viitorilor medici. Cel de-al doilea proiect propus dezbaterii publice const\u0103 \u00een construirea unui imobil \u00een care s\u0103 func\u021bioneze Centrul de Abilit\u0103\u021bi Fundamentale \u201dGrigore T. Popa\u201d, pe strada S\u0103r\u0103rie 220 (Complexul \u201e1 Mai\u201d), pe o suprafa\u021b\u0103 de 5190 mp, investi\u021bie care se va ridica la valoarea de 5 milioane de euro, cu o durat\u0103 de implementare de 12 luni. Cel de-al treilea proiect const\u0103 \u00een transformarea actualei cantinei \u201d1 Decembrie 1918\u201d \u00een Centru de recuperare medical\u0103 \u0219i educa\u021bie fizic\u0103. Structura acestui centru, cu o suprafa\u021b\u0103 de 3150 mp, va con\u021bine \u0219i patru s\u0103li de sport acoperite; dou\u0103 terenuri descoperite, multifunc\u021bionale; pist\u0103 de alergare acoperit\u0103 \u0219i un bazin de \u00eenot de dimensiune medie (50X25m), o baz\u0103 clinic\u0103 de recuperare medical\u0103 unde studen\u021bii de la specializarea de balneofizeokinetoterapie medical\u0103 vor putea desf\u0103\u0219ura activit\u0103\u021bile de studiu practice. Valoarea investi\u021biei este de cinci milioane de euro, cu o durat\u0103 de implementare estimat\u0103 \u00eentre 12 \u0219i 24 de luni.<\/p>\n","protected":false},"excerpt":{"rendered":"<p>O nou\u0103 fa\u021b\u0103 a Pie\u021bei Na\u021biunilor, \u00eenfiin\u021barea unui Centru de Abilit\u0103\u021bi Fundamentale \u0219i, respectiv, crearea&#8230; <a class=\"meta-more\" href=\"https:\/\/infois.ro\/?p=15329\">more <span class=\"meta-nav\">&raquo;<\/span><\/a><\/p>\n","protected":false},"author":2,"featured_media":15331,"comment_status":"open","ping_status":"closed","sticky":false,"template":"","format":"standard","meta":{"footnotes":""},"categories":[12,41],"tags":[74,6444,6446,1583,2476,3112,6445,245],"aioseo_notices":[],"_links":{"self":[{"href":"https:\/\/infois.ro\/index.php?rest_route=\/wp\/v2\/posts\/15329"}],"collection":[{"href":"https:\/\/infois.ro\/index.php?rest_route=\/wp\/v2\/posts"}],"about":[{"href":"https:\/\/infois.ro\/index.php?rest_route=\/wp\/v2\/types\/post"}],"author":[{"embeddable":true,"href":"https:\/\/infois.ro\/index.php?rest_route=\/wp\/v2\/users\/2"}],"replies":[{"embeddable":true,"href":"https:\/\/infois.ro\/index.php?rest_route=%2Fwp%2Fv2%2Fcomments&post=15329"}],"version-history":[{"count":1,"href":"https:\/\/infois.ro\/index.php?rest_route=\/wp\/v2\/posts\/15329\/revisions"}],"predecessor-version":[{"id":15332,"href":"https:\/\/infois.ro\/index.php?rest_route=\/wp\/v2\/posts\/15329\/revisions\/15332"}],"wp:featuredmedia":[{"embeddable":true,"href":"https:\/\/infois.ro\/index.php?rest_route=\/wp\/v2\/media\/15331"}],"wp:attachment":[{"href":"https:\/\/infois.ro\/index.php?rest_route=%2Fwp%2Fv2%2Fmedia&parent=15329"}],"wp:term":[{"taxonomy":"category","embeddable":true,"href":"https:\/\/infois.ro\/index.php?rest_route=%2Fwp%2Fv2%2Fcategories&post=15329"},{"taxonomy":"post_tag","embeddable":true,"href":"https:\/\/infois.ro\/index.php?rest_route=%2Fwp%2Fv2%2Ftags&post=15329"}],"curies":[{"name":"wp","href":"https:\/\/api.w.org\/{rel}","templated":true}]}}