{"id":1569,"date":"2012-09-03T10:55:47","date_gmt":"2012-09-03T07:55:47","guid":{"rendered":"http:\/\/infois.ro\/?p=1569"},"modified":"2012-09-03T10:55:47","modified_gmt":"2012-09-03T07:55:47","slug":"asociatia-euroregiunea-siret-prut-nistru-are-o-noua-conducere","status":"publish","type":"post","link":"https:\/\/infois.ro\/?p=1569","title":{"rendered":"Asocia\u0163ia \u201cEuroregiunea Siret-Prut-Nistru\u201d are o nou\u0103 conducere"},"content":{"rendered":"<p style=\"text-align: justify;\"><a class=\"highslide\" onclick=\"return vz.expand(this)\" href=\"http:\/\/infois.ro\/wp-content\/uploads\/2012\/09\/conducere-noua-aespn.jpg\"><img loading=\"lazy\" decoding=\"async\" class=\"alignnone size-large wp-image-1570\" title=\"conducere noua aespn\" src=\"http:\/\/infois.ro\/wp-content\/uploads\/cache\/2012\/09\/conducere-noua-aespn\/1948229574.jpg\" alt=\"\" width=\"717\" height=\"478\" \/><\/a><\/p>\n<p style=\"text-align: justify;\">La sf\u00e2r\u015fitul s\u0103pt\u0103m\u00e2nii trecute, Comitetul Director al Asocia\u0163iei \u201eEuroregiunea Siret \u2013 Prut \u2013 Nistru\u201d (AESPN) s-a \u00eentrunit la Ia\u015fi, principalul punct de pe ordinea de zi fiind cel privitor la desemnarea unei noi structuri de conducere a organiza\u0163iei, ca urmare a demisiei fostului pre\u015fedinte al asocia\u0163iei, \u015etefan Susai. Comitetul Director al AESPN a decis ca noul director s\u0103 fie Drago\u015f Mandache. \u201eMul\u0163umesc Comitetului Director pentru \u00eencrederea acordat\u0103. Cu siguran\u0163\u0103 voi pune din nou \u00een func\u0163iune aceast\u0103 asocia\u0163ie. \u00cemi doresc s\u0103 am c\u00e2t mai multe proiecte aprobate \u015fi finan\u0163ate\u201d, a declarat Drago\u015f Mandache, care a ad\u0103ugat c\u0103 prioritare vor fi proiectele privind infrastructura, cultura \u015fi mediul de afaceri. Prima ac\u0163iune a noii conduceri a AESPN vizeaz\u0103 participarea la \u201eFestivalul Naturii\u201d, eveniment organizat de c\u0103tre AB Plus Events \u015fi la care Consiliul Jude\u0163ean Ia\u015fi este partener. Evenimentul va avea loc \u00een perioada 28 \u2013 30 septembrie la Centrul Expozi\u0163ional \u201eMoldova\u201d. La \u201eFestivalul Naturii, AESPN va avea un stand propriu, la care se va prezenta poten\u0163ialul agricol al membrilor asocia\u0163iei. Protocolul de \u00eenfiin\u0163are a \u201eEuroregiunii Siret \u2013 Prut \u2013 Nistru\u201d a fost semnat la 18 septembrie 2002, la Ia\u015fi, ca urmare a unei ini\u0163iative comune a Consiliilor Jude\u0163ene respective din Rom\u00e2nia \u015fi Republica Moldova. La 4 decembrie 2002, la Ungheni, a avut loc Reuniunea Forumului Pre\u015fedin\u0163ilor, ocazie cu care a fost semnat Statutul de func\u0163ionare a \u201eEuroregiunii Siret \u2013 Prut &#8211; Nistru\u201d. \u00cen 2005 s-a \u00eenfiin\u0163at AESPN, organism cu personalitate juridic\u0103 al c\u0103rei obiectiv \u00eel reprezint\u0103 absorb\u0163ia de fonduri pentru implementarea de proiecte \u0219i gestionare a fondurilor. Sediul asocia\u0163iei este la Ia\u015fi.<\/p>\n<p style=\"text-align: justify;\">\n","protected":false},"excerpt":{"rendered":"<p>La sf\u00e2r\u015fitul s\u0103pt\u0103m\u00e2nii trecute, Comitetul Director al Asocia\u0163iei \u201eEuroregiunea Siret \u2013 Prut \u2013 Nistru\u201d (AESPN)&#8230; <a class=\"meta-more\" href=\"https:\/\/infois.ro\/?p=1569\">more <span class=\"meta-nav\">&raquo;<\/span><\/a><\/p>\n","protected":false},"author":2,"featured_media":1570,"comment_status":"open","ping_status":"open","sticky":false,"template":"","format":"standard","meta":{"footnotes":""},"categories":[1,41],"tags":[74,374,718,547],"aioseo_notices":[],"_links":{"self":[{"href":"https:\/\/infois.ro\/index.php?rest_route=\/wp\/v2\/posts\/1569"}],"collection":[{"href":"https:\/\/infois.ro\/index.php?rest_route=\/wp\/v2\/posts"}],"about":[{"href":"https:\/\/infois.ro\/index.php?rest_route=\/wp\/v2\/types\/post"}],"author":[{"embeddable":true,"href":"https:\/\/infois.ro\/index.php?rest_route=\/wp\/v2\/users\/2"}],"replies":[{"embeddable":true,"href":"https:\/\/infois.ro\/index.php?rest_route=%2Fwp%2Fv2%2Fcomments&post=1569"}],"version-history":[{"count":1,"href":"https:\/\/infois.ro\/index.php?rest_route=\/wp\/v2\/posts\/1569\/revisions"}],"predecessor-version":[{"id":1571,"href":"https:\/\/infois.ro\/index.php?rest_route=\/wp\/v2\/posts\/1569\/revisions\/1571"}],"wp:featuredmedia":[{"embeddable":true,"href":"https:\/\/infois.ro\/index.php?rest_route=\/wp\/v2\/media\/1570"}],"wp:attachment":[{"href":"https:\/\/infois.ro\/index.php?rest_route=%2Fwp%2Fv2%2Fmedia&parent=1569"}],"wp:term":[{"taxonomy":"category","embeddable":true,"href":"https:\/\/infois.ro\/index.php?rest_route=%2Fwp%2Fv2%2Fcategories&post=1569"},{"taxonomy":"post_tag","embeddable":true,"href":"https:\/\/infois.ro\/index.php?rest_route=%2Fwp%2Fv2%2Ftags&post=1569"}],"curies":[{"name":"wp","href":"https:\/\/api.w.org\/{rel}","templated":true}]}}