{"id":15749,"date":"2015-02-07T06:58:32","date_gmt":"2015-02-07T04:58:32","guid":{"rendered":"http:\/\/infois.ro\/?p=15749"},"modified":"2015-02-07T06:58:32","modified_gmt":"2015-02-07T04:58:32","slug":"primaria-renunta-la-ideea-construirii-parcarii-subterane-de-la-teatru","status":"publish","type":"post","link":"https:\/\/infois.ro\/?p=15749","title":{"rendered":"Prim\u0103ria renun\u021b\u0103 la ideea construirii parc\u0103rii subterane de la Teatru"},"content":{"rendered":"<p style=\"text-align: justify;\"><a href=\"http:\/\/infois.ro\/wp-content\/uploads\/2015\/02\/parc-teatru.jpg\"><img loading=\"lazy\" decoding=\"async\" class=\"alignleft  wp-image-15750\" src=\"http:\/\/infois.ro\/wp-content\/uploads\/cache\/2015\/02\/parc-teatru\/3696674850.jpg\" alt=\"parc-teatru\" width=\"376\" height=\"138\" \/><\/a><\/p>\n<p style=\"text-align: justify;\">Municipalitatea ie\u0219ean\u0103 renun\u021b\u0103 la ideea de a construi o parcare subteran\u0103 \u00een fa\u021ba parcului din fa\u021ba Teatrului Na\u021bional \u201dVasile Alecsandri\u201d. \u00centr-o conferin\u021b\u0103 de pres\u0103, care a avut loc vineri, 6 februarie, primarul Gheorghe Nichita a anun\u021bat c\u0103 municipalitatea a luat aceast\u0103 decizie ca urmare a protestelor declan\u0219ate de societatea civil\u0103 fa\u021b\u0103 de acest proiect. \u201dAm luat o decizie ca parcul s\u0103 fie modernizat f\u0103r\u0103 parcarea subteran\u0103. Sunt trei considerente. \u00cen primul r\u00e2nd, faptul c\u0103 putem identifica finan\u021bare pentru parc, dar la alt\u0103 dimensiune, bine\u00een\u021beles. \u00cen al doilea r\u00e2nd, trebuie s\u0103 asigur\u0103m func\u021bionalitatea \u00een aceast\u0103 perioad\u0103 a institu\u021biilor de cultur\u0103 din zona central\u0103, respectiv Teatrul, Filarmonic\u0103, Opera \u0219i chiar Mitropolia. Nu \u00een ultimul r\u00e2nd, nu cred c\u0103 e normal \u00een aceast\u0103 perioad\u0103 s\u0103 scind\u0103m opinia public\u0103 \u00een pro \u0219i contra vizavi de un proiect. Cred c\u0103 e un sarcrificiu care merit\u0103 f\u0103cut. Nu are rost s\u0103 fim \u00eenc\u0103p\u0103\u021b\u00e2na\u021bi \u0219i nici eu nu vreau s\u0103 fiu \u00eenc\u0103p\u0103\u021b\u00e2nat \u00een ceea ce \u00eenseamn\u0103 interesul major al Ia\u0219ului\u201d, a declarat Gheorghe Nichita. Potrivit proiectului ini\u021bial, parcarea subteran\u0103 din fa\u021ba Teatrului Na\u0163ional \u201dVasile Alecsandri\u201d urma s\u0103 aib\u0103 o capacitate de 230 de locuri. \u201dToate ora\u0219ele europene amenajeaz\u0103 parc\u0103ri subterane \u00een zona central\u0103, pentru a nu aglomera suprafa\u021ba de la sol. Ia\u0219ul are ocazia de a folosi \u00een\u021belept banii europeni, pentru a rezolva problema de la suprafa\u021b\u0103, at\u00e2t parcul, iar aici toat\u0103 lumea este de acord c\u0103 parcul din fa\u021ba Teatrului Na\u021bional trebuie ref\u0103cut, c\u00e2t \u0219i \u00een subteran, prin realizarea acestei parc\u0103ri subterane. Astfel, centrul ora\u0219ului va avea de c\u00e2\u0219tigat, at\u00e2t \u00een ceea ce prive\u0219te vegeta\u021bia, c\u00e2t \u0219i la nivel de atractivitate, pentru c\u0103 dac\u0103 vom pune \u0219i acest parc \u00een eviden\u021b\u0103, vom crea un nou punct de interes pe harta Ia\u0219ului\u201d, preciza \u00een urm\u0103 cu c\u00e2teva luni primarul. Consilierii locali au aprobat, \u00een vara anului trecut, studiul de fezabilitate pentru proiectul de modernizare \u015fi reabilitare a parcului din fa\u021ba Teatrului Na\u0163ional \u201dVasile Alecsandri\u201d, dup\u0103 care Agen\u021bia de Protec\u021bia Mediului (APM) \u0219i-a dat avizul pentru realizarea acestei investi\u021bii.<\/p>\n","protected":false},"excerpt":{"rendered":"<p>Municipalitatea ie\u0219ean\u0103 renun\u021b\u0103 la ideea de a construi o parcare subteran\u0103 \u00een fa\u021ba parcului din&#8230; <a class=\"meta-more\" href=\"https:\/\/infois.ro\/?p=15749\">more <span class=\"meta-nav\">&raquo;<\/span><\/a><\/p>\n","protected":false},"author":2,"featured_media":15750,"comment_status":"open","ping_status":"closed","sticky":false,"template":"","format":"standard","meta":{"footnotes":""},"categories":[1,41],"tags":[74,40,2353,2476,296,1041],"aioseo_notices":[],"_links":{"self":[{"href":"https:\/\/infois.ro\/index.php?rest_route=\/wp\/v2\/posts\/15749"}],"collection":[{"href":"https:\/\/infois.ro\/index.php?rest_route=\/wp\/v2\/posts"}],"about":[{"href":"https:\/\/infois.ro\/index.php?rest_route=\/wp\/v2\/types\/post"}],"author":[{"embeddable":true,"href":"https:\/\/infois.ro\/index.php?rest_route=\/wp\/v2\/users\/2"}],"replies":[{"embeddable":true,"href":"https:\/\/infois.ro\/index.php?rest_route=%2Fwp%2Fv2%2Fcomments&post=15749"}],"version-history":[{"count":1,"href":"https:\/\/infois.ro\/index.php?rest_route=\/wp\/v2\/posts\/15749\/revisions"}],"predecessor-version":[{"id":15751,"href":"https:\/\/infois.ro\/index.php?rest_route=\/wp\/v2\/posts\/15749\/revisions\/15751"}],"wp:featuredmedia":[{"embeddable":true,"href":"https:\/\/infois.ro\/index.php?rest_route=\/wp\/v2\/media\/15750"}],"wp:attachment":[{"href":"https:\/\/infois.ro\/index.php?rest_route=%2Fwp%2Fv2%2Fmedia&parent=15749"}],"wp:term":[{"taxonomy":"category","embeddable":true,"href":"https:\/\/infois.ro\/index.php?rest_route=%2Fwp%2Fv2%2Fcategories&post=15749"},{"taxonomy":"post_tag","embeddable":true,"href":"https:\/\/infois.ro\/index.php?rest_route=%2Fwp%2Fv2%2Ftags&post=15749"}],"curies":[{"name":"wp","href":"https:\/\/api.w.org\/{rel}","templated":true}]}}