{"id":1576,"date":"2012-09-04T10:46:50","date_gmt":"2012-09-04T07:46:50","guid":{"rendered":"http:\/\/infois.ro\/?p=1576"},"modified":"2012-09-04T10:46:50","modified_gmt":"2012-09-04T07:46:50","slug":"iesenii-au-luat-cu-asalt-strandul-municipal-si-plaja-nicolina-in-primul-week-end-din-septembrie","status":"publish","type":"post","link":"https:\/\/infois.ro\/?p=1576","title":{"rendered":"Ie\u015fenii au luat cu asalt \u015etrandul Municipal \u015fi plaja Nicolina \u00een primul week-end din septembrie"},"content":{"rendered":"<p style=\"text-align: justify;\"><a class=\"highslide\" onclick=\"return vz.expand(this)\" href=\"http:\/\/infois.ro\/wp-content\/uploads\/2012\/09\/incasari-strand-2-septembrie.jpg\"><img loading=\"lazy\" decoding=\"async\" class=\"alignnone size-large wp-image-1577\" title=\"incasari strand 2 septembrie\" src=\"http:\/\/infois.ro\/wp-content\/uploads\/cache\/2012\/09\/incasari-strand-2-septembrie\/4129525572.jpg\" alt=\"\" width=\"650\" height=\"488\" \/><\/a><\/p>\n<p style=\"text-align: justify;\">Intrarea, din punct de vedere calendaristic, \u00een prima lun\u0103 de toamn\u0103 nu i-a speriat pe ie\u015feni, care la sf\u00e2r\u015fitul s\u0103pt\u0103m\u00e2nii trecute au luat, din nou, cu asalt, \u015etrandul Municipal \u015fi plaja de la Nicolina. Potrivit reprezentan\u0163ilor Prim\u0103riei, \u00eencas\u0103rile rezultate din v\u00e2nzarea biletelor de intrare la cele dou\u0103 zone de agreement, chiar dac\u0103 nu s-au mai ridicat la nivelul celor \u00eenregistrate \u00een lunile iulie \u015fi august, au fost, totu\u015fi, destul de substan\u0163iale. Astfel, \u00eencas\u0103rile din week-end, de la \u015etrand, s-au ridicat la 2.753 lei (1.591 lei duminic\u0103, 2 septembrie \u015fi 1.162 lei s\u00e2mb\u0103t\u0103, 1 septembrie), \u00een timp ce la plaja de la Nicolina, acestea au fost de 2.861 lei (1.600 lei \u2013 duminic\u0103, 2 septembrie \u015fi 1.261 lei s\u00e2mb\u0103t\u0103, 1 septembrie), De la \u00eenceputul sezonului, \u015etrandul Municipal din Ia\u015fi a avut \u00eencas\u0103ri de 768.233 lei, \u00een timp ce \u00eencas\u0103rile de la plaja Nicolina au dep\u0103\u015fit de la \u00eenceputul sezonului \u015fi p\u00e2n\u0103 \u00een prezent suma de 389.048 lei. Potrivit Hot\u0103r\u00e2rii Consiliului Local Municipal (CLM), un bilet de intrare la \u015etrandul Municipal cost\u0103 8 lei pentru adul\u0163i, \u00een timp ce tariful pentru copii \u015fi pensionari este de 3 lei, \u00een timp ce un bilet de intrare la plaja Nicolina cost\u0103 7 lei. Pentru un abonament cu 10 intr\u0103ri la plaja Nicolina, pensionarii trebuie s\u0103 scoat\u0103 din buzunare suma de 10 lei. Activitatea la cele dou\u0103 zone de agreement din municipiu se va inchide la jum\u0103tatea lunii spetembrie, au precizat reprezentan\u021bii municipalit\u0103\u021bii.<\/p>\n","protected":false},"excerpt":{"rendered":"<p>Intrarea, din punct de vedere calendaristic, \u00een prima lun\u0103 de toamn\u0103 nu i-a speriat pe&#8230; <a class=\"meta-more\" href=\"https:\/\/infois.ro\/?p=1576\">more <span class=\"meta-nav\">&raquo;<\/span><\/a><\/p>\n","protected":false},"author":2,"featured_media":1577,"comment_status":"open","ping_status":"open","sticky":false,"template":"","format":"standard","meta":{"footnotes":""},"categories":[1,41],"tags":[74,40,721,722],"aioseo_notices":[],"_links":{"self":[{"href":"https:\/\/infois.ro\/index.php?rest_route=\/wp\/v2\/posts\/1576"}],"collection":[{"href":"https:\/\/infois.ro\/index.php?rest_route=\/wp\/v2\/posts"}],"about":[{"href":"https:\/\/infois.ro\/index.php?rest_route=\/wp\/v2\/types\/post"}],"author":[{"embeddable":true,"href":"https:\/\/infois.ro\/index.php?rest_route=\/wp\/v2\/users\/2"}],"replies":[{"embeddable":true,"href":"https:\/\/infois.ro\/index.php?rest_route=%2Fwp%2Fv2%2Fcomments&post=1576"}],"version-history":[{"count":1,"href":"https:\/\/infois.ro\/index.php?rest_route=\/wp\/v2\/posts\/1576\/revisions"}],"predecessor-version":[{"id":1578,"href":"https:\/\/infois.ro\/index.php?rest_route=\/wp\/v2\/posts\/1576\/revisions\/1578"}],"wp:featuredmedia":[{"embeddable":true,"href":"https:\/\/infois.ro\/index.php?rest_route=\/wp\/v2\/media\/1577"}],"wp:attachment":[{"href":"https:\/\/infois.ro\/index.php?rest_route=%2Fwp%2Fv2%2Fmedia&parent=1576"}],"wp:term":[{"taxonomy":"category","embeddable":true,"href":"https:\/\/infois.ro\/index.php?rest_route=%2Fwp%2Fv2%2Fcategories&post=1576"},{"taxonomy":"post_tag","embeddable":true,"href":"https:\/\/infois.ro\/index.php?rest_route=%2Fwp%2Fv2%2Ftags&post=1576"}],"curies":[{"name":"wp","href":"https:\/\/api.w.org\/{rel}","templated":true}]}}