{"id":15994,"date":"2015-02-17T18:52:03","date_gmt":"2015-02-17T16:52:03","guid":{"rendered":"http:\/\/infois.ro\/?p=15994"},"modified":"2015-02-17T18:52:03","modified_gmt":"2015-02-17T16:52:03","slug":"noi-locuri-de-parcare-de-resedinta-scoase-la-licitatie-de-municipalitate","status":"publish","type":"post","link":"https:\/\/infois.ro\/?p=15994","title":{"rendered":"Noi locuri de parcare de re\u0219edin\u021b\u0103, scoase la licita\u021bie de municipalitate"},"content":{"rendered":"<p><a href=\"http:\/\/infois.ro\/wp-content\/uploads\/2015\/02\/parcare.jpg\"><img loading=\"lazy\" decoding=\"async\" class=\" wp-image-15995 alignleft\" src=\"http:\/\/infois.ro\/wp-content\/uploads\/cache\/2015\/02\/parcare\/3821945135.jpg\" alt=\"parcare\" width=\"304\" height=\"171\" \/><\/a><\/p>\n<p style=\"text-align: justify;\">\u00cen perioada urm\u0103toare, Prim\u0103ria municipiului Ia\u0219i va scoate la \u00eenchiriat mai multe locuri de parcare aferente imobilelor din cartiere. Astfel, pe 19 februarie va avea loc loc licita\u0163ia public\u0103 cu strigare, pentru \u00eenchirierea a dou\u0103 locuri de parcare situate \u00een str. Buridava nr. 10, iar pe 20 februarie vor fi scoase trei locuri de parcare de pe str. Canta nr. 2.\u00a0Ultima s\u0103pt\u0103m\u00e2n\u0103 a lunii va \u00eenregistra, pe 23 februarie, licita\u0163ia de \u00eenchiriere a \u015fase locuri de parcare, situate \u00een str. \u0162u\u0163ora nr. 11C, alte cinci locuri, aflate pe str. Prim\u0103verii nr. 21A , fiind supuse procedurii pe 24.02. 2015. Vor fi organizate licita\u0163ii at\u00e2t pe 25, c\u00e2t \u015fi pe 26 februarie, c\u00e2nd vor fi licitate dou\u0103 locuri, situate \u00een Al. Rozelor nr. 8 \u015fi, respectiv opt locuri de parcare, \u00een str. Canta nr. 54.\u00a0Toate licita\u0163iile vor avea loc la ora 14.00, la sediul DAPPP, dosarele de participare urm\u00e2nd a fi depuse cu o zi \u00eenainte de desf\u0103\u015furarea procedurii.\u00a0Rela\u0163ii suplimentare privind procurarea documenta\u0163iei \u015fi condi\u0163iile de participare pentru toate licita\u0163iile se pot ob\u0163ine de la sediul Direc\u0163iei de Administrare a Patrimoniului Public \u015fi Privat din str. Sm\u00e2rdan nr. 5, cam 9 parter sau la telefon 0232\/264.246, int. 22. De asemenea, detalii cu privire la imobilele care pot participa la fiecare licita\u0163ie \u00een parte pot fi g\u0103site \u015fi pe\u00a0<a href=\"http:\/\/www.primaria-iasi.ro\/\"><strong>www.primaria-iasi.ro<\/strong><\/a>\u00a0, sec\u0163iunea \u201dLicita\u0163ii\u201d.<\/p>\n","protected":false},"excerpt":{"rendered":"<p>\u00cen perioada urm\u0103toare, Prim\u0103ria municipiului Ia\u0219i va scoate la \u00eenchiriat mai multe locuri de parcare&#8230; <a class=\"meta-more\" href=\"https:\/\/infois.ro\/?p=15994\">more <span class=\"meta-nav\">&raquo;<\/span><\/a><\/p>\n","protected":false},"author":2,"featured_media":15995,"comment_status":"open","ping_status":"closed","sticky":false,"template":"","format":"standard","meta":{"footnotes":""},"categories":[1,41],"tags":[74,4634,40,846,1671,296],"aioseo_notices":[],"_links":{"self":[{"href":"https:\/\/infois.ro\/index.php?rest_route=\/wp\/v2\/posts\/15994"}],"collection":[{"href":"https:\/\/infois.ro\/index.php?rest_route=\/wp\/v2\/posts"}],"about":[{"href":"https:\/\/infois.ro\/index.php?rest_route=\/wp\/v2\/types\/post"}],"author":[{"embeddable":true,"href":"https:\/\/infois.ro\/index.php?rest_route=\/wp\/v2\/users\/2"}],"replies":[{"embeddable":true,"href":"https:\/\/infois.ro\/index.php?rest_route=%2Fwp%2Fv2%2Fcomments&post=15994"}],"version-history":[{"count":1,"href":"https:\/\/infois.ro\/index.php?rest_route=\/wp\/v2\/posts\/15994\/revisions"}],"predecessor-version":[{"id":15996,"href":"https:\/\/infois.ro\/index.php?rest_route=\/wp\/v2\/posts\/15994\/revisions\/15996"}],"wp:featuredmedia":[{"embeddable":true,"href":"https:\/\/infois.ro\/index.php?rest_route=\/wp\/v2\/media\/15995"}],"wp:attachment":[{"href":"https:\/\/infois.ro\/index.php?rest_route=%2Fwp%2Fv2%2Fmedia&parent=15994"}],"wp:term":[{"taxonomy":"category","embeddable":true,"href":"https:\/\/infois.ro\/index.php?rest_route=%2Fwp%2Fv2%2Fcategories&post=15994"},{"taxonomy":"post_tag","embeddable":true,"href":"https:\/\/infois.ro\/index.php?rest_route=%2Fwp%2Fv2%2Ftags&post=15994"}],"curies":[{"name":"wp","href":"https:\/\/api.w.org\/{rel}","templated":true}]}}