{"id":1606,"date":"2012-09-06T11:22:45","date_gmt":"2012-09-06T08:22:45","guid":{"rendered":"http:\/\/infois.ro\/?p=1606"},"modified":"2012-09-06T11:22:45","modified_gmt":"2012-09-06T08:22:45","slug":"noua-conducere-a-dalkia-termo-iasi-s-a-intalnit-cu-viceprimarul-mihai-chirica","status":"publish","type":"post","link":"https:\/\/infois.ro\/?p=1606","title":{"rendered":"Noua conducere a Dalkia Termo Ia\u015fi s-a \u00eent\u00e2lnit cu viceprimarul Mihai Chirica"},"content":{"rendered":"<p style=\"text-align: justify;\"><a class=\"highslide\" onclick=\"return vz.expand(this)\" href=\"http:\/\/infois.ro\/wp-content\/uploads\/2012\/09\/conducerea-dalkia.jpg\"><img loading=\"lazy\" decoding=\"async\" class=\"alignnone size-large wp-image-1607\" title=\"conducerea dalkia\" src=\"http:\/\/infois.ro\/wp-content\/uploads\/cache\/2012\/09\/conducerea-dalkia\/3464407039.jpg\" alt=\"\" width=\"800\" height=\"600\" \/><\/a><\/p>\n<p style=\"text-align: justify;\">Noua conducere a Dalkia Termo Ia\u015fi, firma care va gestiona activitatea de la CET, reprezentat\u0103 de Marek Zdanowich \u2013 director general \u2013 \u015fi Cosmin Avram \u2013 director comercial, s-a \u00eent\u00e2lnit miercuri, 5 septembrie, la sediul Prim\u0103riei, cu viceprimarul Ia\u015filor, Mihai Chirica, prilej cu care cele dou\u0103 p\u0103r\u0163i au purtat discu\u0163ii cu privire la stadiul procedurilor de avizare de c\u0103tre institu\u0163iile abilitate ale statului rom\u00e2n a documentelor de atestare a noii societ\u0103\u0163i de termoficare.\u00a0 \u201cA fost o discu\u0163ie de lucru, deosebit de constructiv\u0103, care a vizat, \u00een principal, procedura de primire-predare de c\u0103tre Dalkia Termo Ia\u015fi a tuturor documentelor necesare, astfel \u00eenc\u00e2t cel mai t\u00e2rziu la \u00eenceputul lunii noiembrie, toate aceste proceduri s\u0103 fie finalizate. O parte dintre aceste documente au fost depuse deja de c\u0103tre Dalkia c\u0103tre organismele abilitate ale statului \u00een vederea ob\u0163inerii licen\u0163elor necesare func\u0163ion\u0103rii societ\u0103\u0163ii. \u00cen \u015fedin\u0163a din aceast\u0103 lun\u0103, Consiliul Local Municipal (CLM) urmeaz\u0103 s\u0103 avizeze acordul tripartit \u00eencheiat \u00eentre Dalkia Rom\u00e2nia, Dalkia Termo Ia\u015fi \u015fi Prim\u0103ria municipiului Ia\u015fi, care atest\u0103 faptul c\u0103 Dalkia Termo Ia\u015fi este firma care se va ocupa de acum \u00eenainte de gestionarea activit\u0103\u0163ii de la CET-ul ie\u015fean\u201d, a declarat viceprimarul Mihai Chirica. Noua conducere a Dalkia Termo Ia\u015fi este una dintre cele mai tinere din \u0163ar\u0103, directorul general, polonezul Marek Zdanowich, av\u00e2nd 36 de ani, iar directorul comercial, ie\u015feanul Cosmin Avram, 35 de ani, ambii, \u00eens\u0103, cu rezultate excelente \u00een domeniul financiar-bancar.<\/p>\n","protected":false},"excerpt":{"rendered":"<p>Noua conducere a Dalkia Termo Ia\u015fi, firma care va gestiona activitatea de la CET, reprezentat\u0103&#8230; <a class=\"meta-more\" href=\"https:\/\/infois.ro\/?p=1606\">more <span class=\"meta-nav\">&raquo;<\/span><\/a><\/p>\n","protected":false},"author":2,"featured_media":1607,"comment_status":"open","ping_status":"open","sticky":false,"template":"","format":"standard","meta":{"footnotes":""},"categories":[1,41],"tags":[74,494,477,296],"aioseo_notices":[],"_links":{"self":[{"href":"https:\/\/infois.ro\/index.php?rest_route=\/wp\/v2\/posts\/1606"}],"collection":[{"href":"https:\/\/infois.ro\/index.php?rest_route=\/wp\/v2\/posts"}],"about":[{"href":"https:\/\/infois.ro\/index.php?rest_route=\/wp\/v2\/types\/post"}],"author":[{"embeddable":true,"href":"https:\/\/infois.ro\/index.php?rest_route=\/wp\/v2\/users\/2"}],"replies":[{"embeddable":true,"href":"https:\/\/infois.ro\/index.php?rest_route=%2Fwp%2Fv2%2Fcomments&post=1606"}],"version-history":[{"count":1,"href":"https:\/\/infois.ro\/index.php?rest_route=\/wp\/v2\/posts\/1606\/revisions"}],"predecessor-version":[{"id":1608,"href":"https:\/\/infois.ro\/index.php?rest_route=\/wp\/v2\/posts\/1606\/revisions\/1608"}],"wp:featuredmedia":[{"embeddable":true,"href":"https:\/\/infois.ro\/index.php?rest_route=\/wp\/v2\/media\/1607"}],"wp:attachment":[{"href":"https:\/\/infois.ro\/index.php?rest_route=%2Fwp%2Fv2%2Fmedia&parent=1606"}],"wp:term":[{"taxonomy":"category","embeddable":true,"href":"https:\/\/infois.ro\/index.php?rest_route=%2Fwp%2Fv2%2Fcategories&post=1606"},{"taxonomy":"post_tag","embeddable":true,"href":"https:\/\/infois.ro\/index.php?rest_route=%2Fwp%2Fv2%2Ftags&post=1606"}],"curies":[{"name":"wp","href":"https:\/\/api.w.org\/{rel}","templated":true}]}}