{"id":16129,"date":"2015-02-25T16:17:43","date_gmt":"2015-02-25T14:17:43","guid":{"rendered":"http:\/\/infois.ro\/?p=16129"},"modified":"2015-02-25T16:17:43","modified_gmt":"2015-02-25T14:17:43","slug":"primele-freze-de-zapada-din-romania-achizitionate-prin-intermediul-fondurilor-europene-au-ajuns-la-iasi","status":"publish","type":"post","link":"https:\/\/infois.ro\/?p=16129","title":{"rendered":"Primele freze de z\u0103pad\u0103 din Rom\u00e2nia achizi\u0163ionate prin intermediul fondurilor europene au ajuns la Ia\u015fi"},"content":{"rendered":"<p style=\"text-align: justify;\"><a href=\"http:\/\/infois.ro\/wp-content\/uploads\/2015\/02\/autofreze.jpg\"><img loading=\"lazy\" decoding=\"async\" class=\"alignleft  wp-image-16130\" src=\"http:\/\/infois.ro\/wp-content\/uploads\/cache\/2015\/02\/autofreze\/2034396289.jpg\" alt=\"autofreze\" width=\"442\" height=\"207\" \/><\/a><\/p>\n<p style=\"text-align: justify;\">Asocia\u021bia de Dezvoltare Intercomunitar\u0103 (ADI) EURONEST, condus\u0103 de pre\u0219edintele Consiliului Jude\u021bean Ia\u0219i,\u00a0Cristian Adomni\u021bei, a recep\u0163ionat ast\u0103zi primele freze de z\u0103pad\u0103 din Rom\u00e2nia achizi\u0163ionate prin intermediul fondurilor europene. Acestea au fost achizi\u0163ionate \u00een cadrul proiectului \u201e\u00cembun\u0103t\u0103\u021birea capacit\u0103\u021bii \u0219i calit\u0103\u021bii sistemului de interven\u021bie \u00een situa\u021bii de urgen\u021b\u0103 \u00een condi\u021bii de iarn\u0103\u201d, cel de-al patrulea proiect al Asocia\u0163iei \u00een cadrul Programului Opera\u0163ional Regional 2007 \u2013 2013, Axa 3. \u00cen cadrul acestui proiect au fost achizi\u021bionate \u015fi 6 unit\u0103\u021bi mobile complet echipate (vehicul cu \u0219enile\/ro\u021bi de tip UTV, remorc\u0103 \u0219i vehicul tractor), c\u00e2te una pentru fiecare jude\u0163 din Regiunea de Nord-Est. \u201e<em>Regiunea de Nord-Est este prima regiune din \u0163ar\u0103 care cump\u0103r\u0103 freze de z\u0103pad\u0103 multifunc\u0163ionale prin intermediul fondurilor europene. Proiectul are o valoare de 20,8 milioane de lei, din care cofinan\u0163area jude\u0163elor din Regiune este de doar 417.000 de lei. El se adreseaz\u0103 tuturor celor \u015fase jude\u0163e din regiune. Prima component\u0103 a proiectului a vizat achizi\u0163ia celor \u015fase ambulan\u0163e pe \u015fenile, care au fost livrate \u00een urm\u0103 cu dou\u0103 luni, iar a doua achizi\u0163ia a 24 de freze de z\u0103pad\u0103. Ast\u0103zi a sosit primul lot de freze, urm\u00e2nd ca p\u00e2n\u0103 \u00een luna iunie s\u0103 fie livrate toate cele 24.\u00a0<\/em><em>Cred c\u0103 \u00een prezent Inspectoratul pentru Situa\u0163ii de Urgen\u0163\u0103 Ia\u015fi are cea mai bun\u0103 dotare din \u00eentreaga \u0163ar\u0103 \u015fi reprezint\u0103 cel mai de \u00eencredere suport pentru cet\u0103\u0163eni, av\u00e2nd capacitatea de a interveni \u00een orice moment, \u00een orice tip de misiune \u015fi pe orice form\u0103 de relief. Anul acest vom mai cump\u0103ra \u015fi un snow-mobil pentru interven\u0163ii punctuale rapide<\/em>\u201d, a declarat Cristian Adomni\u021bei.<\/p>\n<p style=\"text-align: justify;\">SC Gr\u0103dinariu Import-Export SRL este societatea care furnizeaz\u0103 cele 24 de autofreze multifunc\u0163ionale, valoarea contractului \u00eencheiat de ADI EURONEST fiind de 15.180.000 lei, f\u0103r\u0103 TVA.<\/p>\n<p style=\"text-align: justify;\">\u00cen decembrie 2013, Consiliul Jude\u0163ean Ia\u015fi a achizi\u0163ionat, din fonduri proprii, dou\u0103 autovehicule \u015fenilate \u015fi o autospecial\u0103 pirotehnic\u0103. Toate trei autovehicule se afl\u0103 \u00een dotarea Inspectoratului pentru Situa\u0163ii de Urgen\u0163\u0103 Ia\u015fi.<\/p>\n<p style=\"text-align: justify;\">\u00cen final, fiecare dintre cele \u0219ase jude\u021be ale Regiunii de Nord-Est va beneficia de c\u00e2te un vehicul cu \u0219enile\/ro\u021bi tip UTV, iar autofrezele de z\u0103pad\u0103 vor fi distribuite dup\u0103 cum urmeaz\u0103: c\u00e2te 5 \u00een jude\u021bele Ia\u0219i \u0219i Suceava, c\u00e2te 4 \u00een Bac\u0103u \u0219i Boto\u0219ani, \u0219i c\u00e2te 3 \u00een Neam\u021b \u0219i Vaslui.<\/p>\n","protected":false},"excerpt":{"rendered":"<p>Asocia\u021bia de Dezvoltare Intercomunitar\u0103 (ADI) EURONEST, condus\u0103 de pre\u0219edintele Consiliului Jude\u021bean Ia\u0219i,\u00a0Cristian Adomni\u021bei, a recep\u0163ionat&#8230; <a class=\"meta-more\" href=\"https:\/\/infois.ro\/?p=16129\">more <span class=\"meta-nav\">&raquo;<\/span><\/a><\/p>\n","protected":false},"author":2,"featured_media":16130,"comment_status":"open","ping_status":"closed","sticky":false,"template":"","format":"standard","meta":{"footnotes":""},"categories":[1,41],"tags":[74,6681,395,40,6682],"aioseo_notices":[],"_links":{"self":[{"href":"https:\/\/infois.ro\/index.php?rest_route=\/wp\/v2\/posts\/16129"}],"collection":[{"href":"https:\/\/infois.ro\/index.php?rest_route=\/wp\/v2\/posts"}],"about":[{"href":"https:\/\/infois.ro\/index.php?rest_route=\/wp\/v2\/types\/post"}],"author":[{"embeddable":true,"href":"https:\/\/infois.ro\/index.php?rest_route=\/wp\/v2\/users\/2"}],"replies":[{"embeddable":true,"href":"https:\/\/infois.ro\/index.php?rest_route=%2Fwp%2Fv2%2Fcomments&post=16129"}],"version-history":[{"count":1,"href":"https:\/\/infois.ro\/index.php?rest_route=\/wp\/v2\/posts\/16129\/revisions"}],"predecessor-version":[{"id":16131,"href":"https:\/\/infois.ro\/index.php?rest_route=\/wp\/v2\/posts\/16129\/revisions\/16131"}],"wp:featuredmedia":[{"embeddable":true,"href":"https:\/\/infois.ro\/index.php?rest_route=\/wp\/v2\/media\/16130"}],"wp:attachment":[{"href":"https:\/\/infois.ro\/index.php?rest_route=%2Fwp%2Fv2%2Fmedia&parent=16129"}],"wp:term":[{"taxonomy":"category","embeddable":true,"href":"https:\/\/infois.ro\/index.php?rest_route=%2Fwp%2Fv2%2Fcategories&post=16129"},{"taxonomy":"post_tag","embeddable":true,"href":"https:\/\/infois.ro\/index.php?rest_route=%2Fwp%2Fv2%2Ftags&post=16129"}],"curies":[{"name":"wp","href":"https:\/\/api.w.org\/{rel}","templated":true}]}}