{"id":16297,"date":"2015-03-03T21:04:12","date_gmt":"2015-03-03T19:04:12","guid":{"rendered":"http:\/\/infois.ro\/?p=16297"},"modified":"2015-03-03T21:04:12","modified_gmt":"2015-03-03T19:04:12","slug":"o-noua-sesiune-pentru-atestarea-administratorilor-de-imobile-2","status":"publish","type":"post","link":"https:\/\/infois.ro\/?p=16297","title":{"rendered":"O nou\u0103 sesiune pentru atestarea administratorilor de imobile"},"content":{"rendered":"<p style=\"text-align: justify;\"><a href=\"http:\/\/infois.ro\/wp-content\/uploads\/2015\/03\/blocuri.jpg\"><img loading=\"lazy\" decoding=\"async\" class=\"alignleft  wp-image-16298\" src=\"http:\/\/infois.ro\/wp-content\/uploads\/cache\/2015\/03\/blocuri\/1712033998.jpg\" alt=\"blocuri\" width=\"192\" height=\"144\" \/><\/a><\/p>\n<p style=\"text-align: justify;\">Prim\u0103ria municipiului Ia\u0219i va organiza vineri, 20 martie, o nou\u0103 sesiune de examinare a persoanelor fizice, \u00een vederea ob\u021binerii atestatului de administrator de imobile. Persoanele care \u00een prezent ocup\u0103 sau nu aceast\u0103 func\u021bie, respectiv cele care au absolvit cursuri de preg\u0103tire \u00een domeniu, dar \u00eenc\u0103 nu sunt atestate, \u00ee\u0219i pot depune cererea de participare, \u00eempreun\u0103 cu documentele solicitate \u00een vederea sus\u021binerii examenului de atestare. \u201dDosarele vor fi verificate de c\u0103tre Comisia de atestare (Serviciul Asocia\u021bii de Proprietari din cadrul Prim\u0103riei Municipiului Ia\u0219i, cu sediul \u00een str. Sm\u00e2rdan nr. 5), dup\u0103 care se depune prin registratura Prim\u0103riei p\u00e2n\u0103 la data de 16 martie 2015. Cu privire la loca\u021bia \u0219i ora sus\u021binerii examenului scris, persoanele solicitante vor fi anun\u021bate \u00een timp util, at\u00e2t prin afi\u0219are la avizierele municipalit\u0103\u021bii, c\u00e2t \u0219i telefonic\u201d, se precizeaz\u0103 \u00eentr-un comunicat al Biroului de pres\u0103 al Prim\u0103riei. Potrivit reprezentan\u021bilor municipalit\u0103\u021bii, p\u00e2n\u0103 \u00een prezent, Prim\u0103ria a atestat, prin examen, 691 de persoane. Conform prevederilor Legii nr. 230\/2007 privind \u00eenfiin\u0163area, organizarea \u015fi func\u0163ionarea asocia\u0163iilor de proprietari, a H.G nr. 1588\/2007 privind normele metodologice de aplicare a Legii nr. 230\/2007, precum \u015fi a\u00a0 Regulamentului privind procedura de atestare a persoanelor fizice care doresc s\u0103 ob\u0163in\u0103 calitatea de \u201dadministrator de imobile\u201d, aprobat prin HCL nr. 6\/27.02.2011, administratorul de imobile este persoana fizic\u0103 atestat\u0103 \u00een condi\u0163iile Legii nr. 230\/2007 \u015fi a H.G nr. 1588\/2007, ce desf\u0103\u015foar\u0103 activitatea de administrare a condominiului care include activit\u0103\u0163i de administrare tehnic\u0103, de contabilitate \u015fi casierie. Potrivit legii, atestarea persoanelor fizice care inten\u0163ioneaz\u0103 s\u0103 ocupe func\u0163ia de \u201dadministrator de imobile\u201d se face de c\u0103tre primar, conform prevederilor art. 54 din Legea nr. 230\/2007 privind \u00eenfiin\u0163area, organizarea \u015fi func\u0163ionarea asocia\u0163iilor de proprietari \u015fi ale art. 58 din HG nr. 1588\/2007 pentru aprobarea normelor metodologice de aplicare a Legii nr.230\/2007.<\/p>\n","protected":false},"excerpt":{"rendered":"<p>Prim\u0103ria municipiului Ia\u0219i va organiza vineri, 20 martie, o nou\u0103 sesiune de examinare a persoanelor&#8230; <a class=\"meta-more\" href=\"https:\/\/infois.ro\/?p=16297\">more <span class=\"meta-nav\">&raquo;<\/span><\/a><\/p>\n","protected":false},"author":2,"featured_media":16298,"comment_status":"open","ping_status":"closed","sticky":false,"template":"","format":"standard","meta":{"footnotes":""},"categories":[1,41],"tags":[74,4198,6728,6729,40,296],"aioseo_notices":[],"_links":{"self":[{"href":"https:\/\/infois.ro\/index.php?rest_route=\/wp\/v2\/posts\/16297"}],"collection":[{"href":"https:\/\/infois.ro\/index.php?rest_route=\/wp\/v2\/posts"}],"about":[{"href":"https:\/\/infois.ro\/index.php?rest_route=\/wp\/v2\/types\/post"}],"author":[{"embeddable":true,"href":"https:\/\/infois.ro\/index.php?rest_route=\/wp\/v2\/users\/2"}],"replies":[{"embeddable":true,"href":"https:\/\/infois.ro\/index.php?rest_route=%2Fwp%2Fv2%2Fcomments&post=16297"}],"version-history":[{"count":1,"href":"https:\/\/infois.ro\/index.php?rest_route=\/wp\/v2\/posts\/16297\/revisions"}],"predecessor-version":[{"id":16299,"href":"https:\/\/infois.ro\/index.php?rest_route=\/wp\/v2\/posts\/16297\/revisions\/16299"}],"wp:featuredmedia":[{"embeddable":true,"href":"https:\/\/infois.ro\/index.php?rest_route=\/wp\/v2\/media\/16298"}],"wp:attachment":[{"href":"https:\/\/infois.ro\/index.php?rest_route=%2Fwp%2Fv2%2Fmedia&parent=16297"}],"wp:term":[{"taxonomy":"category","embeddable":true,"href":"https:\/\/infois.ro\/index.php?rest_route=%2Fwp%2Fv2%2Fcategories&post=16297"},{"taxonomy":"post_tag","embeddable":true,"href":"https:\/\/infois.ro\/index.php?rest_route=%2Fwp%2Fv2%2Ftags&post=16297"}],"curies":[{"name":"wp","href":"https:\/\/api.w.org\/{rel}","templated":true}]}}