{"id":16437,"date":"2015-03-11T20:15:02","date_gmt":"2015-03-11T18:15:02","guid":{"rendered":"http:\/\/infois.ro\/?p=16437"},"modified":"2015-03-11T20:15:02","modified_gmt":"2015-03-11T18:15:02","slug":"o-noua-sedinta-a-adunarii-generale-a-asociatiei-siret-prut-nistru","status":"publish","type":"post","link":"https:\/\/infois.ro\/?p=16437","title":{"rendered":"O nou\u0103 \u0219edin\u021b\u0103 a Adun\u0103rii Generale a Asocia\u021biei \u201dSiret-Prut-Nistru\u201d"},"content":{"rendered":"<p style=\"text-align: justify;\"><a href=\"http:\/\/infois.ro\/wp-content\/uploads\/2015\/03\/comrat-forum.jpg\"><img loading=\"lazy\" decoding=\"async\" class=\"alignleft  wp-image-16438\" src=\"http:\/\/infois.ro\/wp-content\/uploads\/cache\/2015\/03\/comrat-forum\/2413933126.jpg\" alt=\"comrat-forum\" width=\"372\" height=\"248\" \/><\/a><\/p>\n<p style=\"text-align: justify;\">\u00cen localitatea Comrat, capitala regiunii autonome a G\u0103g\u0103uziei din Republica Moldova, a avut loc \u00een aceast\u0103 s\u0103pt\u0103m\u00e2n\u0103 Adunarea General\u0103 a Asocia\u021biei Euroregiunea \u201dSiret-Prut-Nistru\u201d (AESPN). Cu aceast\u0103 ocazie, reprezentan\u021bii acestei organiza\u021bii au hot\u0103r\u00e2t ca cea de-a treia edi\u0163ie a Forumului Economic al Euroregiunii s\u0103 aib\u0103 loc \u00een vara acestui an. \u201dLa \u00eent\u00e2lnire a fost aprobat bilan\u021bul contabil pe anul 2014, fiind purtate discu\u021bii cu privire la calendarul ac\u021biunilor din anul 2015. Cea mai important\u0103 decizie pe care am luat-o \u021bine de organizarea Forumului Economic al Euroregiunii, care anul acesta va ajunge la cea de-a III-a edi\u021bie. Am hot\u0103r\u00e2t, \u00een cadrul Adun\u0103rii Generale, ca acest Forum s\u0103 aib\u0103 loc \u00een noul Centru Expozi\u021bional din raionul Ialoveni, folosind infrastructura municipiului Chi\u0219in\u0103u. Este cel mai important proiect al Euroregiunii, deja prinde r\u0103d\u0103cini \u0219i este bine s\u0103 se desf\u0103\u0219oare, an de an, \u00een acela\u0219i loc. Republica Moldova trebuie sprijinit\u0103 \u00een drumul s\u0103u spre Uniunea European\u0103, iar acest Forum reprezint\u0103 unul dintre pa\u0219ii concre\u021bi \u00een aceast\u0103 direc\u021bie\u201d, a declarat Cristian Adomni\u021bei, pre\u015fedintele Consiliului Jude\u0163ean (CJ) Ia\u015fi, pre\u015fedintele Euroregiunii \u201dSiret-Prut-Nistru\u201d. AESPN este format\u0103 din 25 de raioane din cele 32 ale Republicii Moldova, Unitatea Teritorial Administrativ\u0103 G\u0103g\u0103uzia, Municipiul B\u0103l\u021bi \u0219i 3 Consilii Jude\u021bene din Rom\u00e2nia (Ia\u0219i, Vaslui \u0219i Prahova). \u00cen 2012, Euroregiunea \u201eSiret-Prut-Nistru\u201d a semnat un acord de cooperare cu Euroregiunea Nistru, care include in lista membrilor regiunea Vinni\u021ba (Ucraina) \u0219i 7 raioane de pe frontiera de nord \u0219i nord-est a Republicii Moldova.<\/p>\n","protected":false},"excerpt":{"rendered":"<p>\u00cen localitatea Comrat, capitala regiunii autonome a G\u0103g\u0103uziei din Republica Moldova, a avut loc \u00een&#8230; <a class=\"meta-more\" href=\"https:\/\/infois.ro\/?p=16437\">more <span class=\"meta-nav\">&raquo;<\/span><\/a><\/p>\n","protected":false},"author":2,"featured_media":16438,"comment_status":"open","ping_status":"closed","sticky":false,"template":"","format":"standard","meta":{"footnotes":""},"categories":[1,41],"tags":[74,6765,547,6766,40],"aioseo_notices":[],"_links":{"self":[{"href":"https:\/\/infois.ro\/index.php?rest_route=\/wp\/v2\/posts\/16437"}],"collection":[{"href":"https:\/\/infois.ro\/index.php?rest_route=\/wp\/v2\/posts"}],"about":[{"href":"https:\/\/infois.ro\/index.php?rest_route=\/wp\/v2\/types\/post"}],"author":[{"embeddable":true,"href":"https:\/\/infois.ro\/index.php?rest_route=\/wp\/v2\/users\/2"}],"replies":[{"embeddable":true,"href":"https:\/\/infois.ro\/index.php?rest_route=%2Fwp%2Fv2%2Fcomments&post=16437"}],"version-history":[{"count":1,"href":"https:\/\/infois.ro\/index.php?rest_route=\/wp\/v2\/posts\/16437\/revisions"}],"predecessor-version":[{"id":16439,"href":"https:\/\/infois.ro\/index.php?rest_route=\/wp\/v2\/posts\/16437\/revisions\/16439"}],"wp:featuredmedia":[{"embeddable":true,"href":"https:\/\/infois.ro\/index.php?rest_route=\/wp\/v2\/media\/16438"}],"wp:attachment":[{"href":"https:\/\/infois.ro\/index.php?rest_route=%2Fwp%2Fv2%2Fmedia&parent=16437"}],"wp:term":[{"taxonomy":"category","embeddable":true,"href":"https:\/\/infois.ro\/index.php?rest_route=%2Fwp%2Fv2%2Fcategories&post=16437"},{"taxonomy":"post_tag","embeddable":true,"href":"https:\/\/infois.ro\/index.php?rest_route=%2Fwp%2Fv2%2Ftags&post=16437"}],"curies":[{"name":"wp","href":"https:\/\/api.w.org\/{rel}","templated":true}]}}