{"id":1644,"date":"2012-09-07T10:36:13","date_gmt":"2012-09-07T07:36:13","guid":{"rendered":"http:\/\/infois.ro\/?p=1644"},"modified":"2012-09-07T10:36:13","modified_gmt":"2012-09-07T07:36:13","slug":"linia-provizorie-de-tramvai-de-la-fundatie-va-fi-instalata-pana-pe-17-septembrie","status":"publish","type":"post","link":"https:\/\/infois.ro\/?p=1644","title":{"rendered":"Linia provizorie de tramvai de la Funda\u0163ie va fi instalat\u0103 p\u00e2n\u0103 pe 17 septembrie"},"content":{"rendered":"<p style=\"text-align: justify;\"><a class=\"highslide\" onclick=\"return vz.expand(this)\" href=\"http:\/\/infois.ro\/wp-content\/uploads\/2012\/09\/linie-provizorie-tramvai.jpg\"><img loading=\"lazy\" decoding=\"async\" class=\"alignnone size-large wp-image-1645\" title=\"linie provizorie tramvai\" src=\"http:\/\/infois.ro\/wp-content\/uploads\/cache\/2012\/09\/linie-provizorie-tramvai\/490710813.jpg\" alt=\"\" width=\"620\" height=\"380\" \/><\/a><\/p>\n<p style=\"text-align: justify;\">Linia provizorie de tramvai, care urmeaz\u0103 s\u0103 fie montat\u0103 deasupra pasajului subteran de la Funda\u0163ie, care va face leg\u0103tura \u00eentre centrul ora\u015fului \u015fi cartierul Copou, va avea o lungime de 18 metri \u015fi va fi una demontabil\u0103, a anun\u0163at primarul Gheorghe Nichita. Potrivit edilului, linia provizorie de tramvai, care va fi instalat\u0103 p\u00e2n\u0103 pe 17 septembrie, data \u00eenceperii noului an \u015fcolar, va putea fi montat\u0103\/demontat\u0103 \u00een timpul nop\u0163ii (sau al zilei, dup\u0103 caz) cu ajutorul unor dispozitive speciale, astfel \u00eenc\u00e2t lucr\u0103rile la \u015fantierul din zon\u0103 s\u0103 nu fie blocate. \u201c\u00cempreun\u0103 cu speciali\u015ftii am g\u0103sit solu\u0163ia de montare provizorie a acestei linii de tramvai pe un tronson \u00een lungime de 18 metri. Linia provizorie va putea fi montat\u0103 sau demontat\u0103, dup\u0103 caz, astfel \u00eenc\u00e2t lucr\u0103rile de la pasajul subteran de la funda\u0163ie s\u0103 nu aib\u0103 de suferit\u201d, a declarat primarul. Pentru desf\u0103\u015furarea \u00een cele mai bune condi\u0163ii a circula\u0163iei tramvaielor \u00een zon\u0103, o por\u0163iune \u00een lungime de 140 de metri liniari de cale de rulare va r\u0103m\u00e2ne nemodernizat\u0103 pe timpul lucr\u0103rilor de realizare a pasajului, urm\u00e2nd ca ea s\u0103 fie reabilitat\u0103 dup\u0103 finalizarea investi\u0163iei. O problem\u0103 care a ap\u0103rut, de cur\u00e2nd, \u00een cazul proiectului de la Funda\u0163ie \u015fi pe care reprezentan\u0163ii municipalit\u0103\u0163ii nu au avut cum s\u0103 o anticipeze, o reprezint\u0103 schimbarea ac\u0163ionariatului la firma care realizeaz\u0103 lucr\u0103rile la pasaj. \u201cSocietatea care realizeaz\u0103 lucr\u0103rile (SCCF \u2013 n.r.) \u015fi-a schimbat, de cur\u00e2nd, ac\u0163ionariatul, astfel \u00eenc\u00e2t noi am fost pu\u015fi \u00een situa\u0163ia de a g\u0103si urgent o solu\u0163ie de a continua investi\u0163ia. Sper\u0103m ca noii ac\u0163ionari ai societ\u0103\u0163ii s\u0103-\u015fi respecte contractul \u015fi s\u0103 continue proiectul pe care l-au \u00eenceput la Funda\u0163ie. \u00cen ultima perioad\u0103 am avut o serie de discu\u0163ii cu reprezentan\u0163ii firmei respective, \u00eens\u0103 situa\u0163ia este \u00een continuare destul de confuz\u0103. Oricum, s\u0103pt\u0103m\u00e2na viitoare m\u0103 voi \u00eent\u00e2lni cu noii ac\u0163ionari, pentru a g\u0103si solu\u0163ii de a merge mai departe \u00een cadrul acestui proiect\u201d, a spus Gheorghe Nichita. Realizarea p<strong>asajului subteran \u201cMihai Eminescu\u201d face parte din cadrul proiectului \u201eDezvoltarea axei de transport est-vest in municipiul Ia\u015fi\u201d, <\/strong>\u00een valoare total\u0103 de 21 milioane de euro.<strong> <\/strong>Proiectul prevede<strong> <\/strong>construirea \u00een zona Funda\u0163ie \u2013 R\u00e2pa Galben\u0103 a unui pasaj subteran cu lungimea de 286 metri, l\u0103\u0163imea de 10 metri \u015fi \u00een\u0103l\u0163imea de 5 metri, cu c\u00e2te dou\u0103 benzi pe fiecare sens de circula\u0163ie \u015fi rampe de acces dinspre str. P\u0103curari \u015fi B-dul Independen\u0163ei.<strong> <\/strong>Conform proiectului, lucr\u0103rile ar trebui s\u0103 fie finalizate \u00een aproximativ doi ani de la semnarea contractului, respectiv \u00een toamna anului 2014. <strong><\/strong><\/p>\n","protected":false},"excerpt":{"rendered":"<p>Linia provizorie de tramvai, care urmeaz\u0103 s\u0103 fie montat\u0103 deasupra pasajului subteran de la Funda\u0163ie,&#8230; <a class=\"meta-more\" href=\"https:\/\/infois.ro\/?p=1644\">more <span class=\"meta-nav\">&raquo;<\/span><\/a><\/p>\n","protected":false},"author":2,"featured_media":1645,"comment_status":"open","ping_status":"open","sticky":false,"template":"","format":"standard","meta":{"footnotes":""},"categories":[1,41],"tags":[74,530,754,746],"aioseo_notices":[],"_links":{"self":[{"href":"https:\/\/infois.ro\/index.php?rest_route=\/wp\/v2\/posts\/1644"}],"collection":[{"href":"https:\/\/infois.ro\/index.php?rest_route=\/wp\/v2\/posts"}],"about":[{"href":"https:\/\/infois.ro\/index.php?rest_route=\/wp\/v2\/types\/post"}],"author":[{"embeddable":true,"href":"https:\/\/infois.ro\/index.php?rest_route=\/wp\/v2\/users\/2"}],"replies":[{"embeddable":true,"href":"https:\/\/infois.ro\/index.php?rest_route=%2Fwp%2Fv2%2Fcomments&post=1644"}],"version-history":[{"count":1,"href":"https:\/\/infois.ro\/index.php?rest_route=\/wp\/v2\/posts\/1644\/revisions"}],"predecessor-version":[{"id":1646,"href":"https:\/\/infois.ro\/index.php?rest_route=\/wp\/v2\/posts\/1644\/revisions\/1646"}],"wp:featuredmedia":[{"embeddable":true,"href":"https:\/\/infois.ro\/index.php?rest_route=\/wp\/v2\/media\/1645"}],"wp:attachment":[{"href":"https:\/\/infois.ro\/index.php?rest_route=%2Fwp%2Fv2%2Fmedia&parent=1644"}],"wp:term":[{"taxonomy":"category","embeddable":true,"href":"https:\/\/infois.ro\/index.php?rest_route=%2Fwp%2Fv2%2Fcategories&post=1644"},{"taxonomy":"post_tag","embeddable":true,"href":"https:\/\/infois.ro\/index.php?rest_route=%2Fwp%2Fv2%2Ftags&post=1644"}],"curies":[{"name":"wp","href":"https:\/\/api.w.org\/{rel}","templated":true}]}}