{"id":16566,"date":"2015-03-19T22:08:12","date_gmt":"2015-03-19T20:08:12","guid":{"rendered":"http:\/\/infois.ro\/?p=16566"},"modified":"2015-03-19T22:09:07","modified_gmt":"2015-03-19T20:09:07","slug":"concurs-pentru-copii-musicforkids-moldova-battle-la-iulius-mall","status":"publish","type":"post","link":"https:\/\/infois.ro\/?p=16566","title":{"rendered":"Concurs pentru copii MusicForKids Moldova Battle, la Iulius Mall"},"content":{"rendered":"<p class=\"yiv5616305422MsoNormal\"><a href=\"http:\/\/infois.ro\/wp-content\/uploads\/2015\/03\/Iulius-Mall-Iasi1.jpg\"><img loading=\"lazy\" decoding=\"async\" class=\"alignleft  wp-image-16567\" src=\"http:\/\/infois.ro\/wp-content\/uploads\/cache\/2015\/03\/Iulius-Mall-Iasi1\/3637414826.jpg\" alt=\"Iulius-Mall-Iasi\" width=\"292\" height=\"175\" \/><\/a><\/p>\n<p id=\"yui_3_16_0_1_1426794525147_9379\" class=\"yiv5616305422MsoNormal\"><b id=\"yui_3_16_0_1_1426794525147_9378\"><i id=\"yui_3_16_0_1_1426794525147_9377\"><span id=\"yui_3_16_0_1_1426794525147_9376\" lang=\"RO\">IULIUS MALL IA\u015eI dedic\u0103 acest final de s\u0103pt\u0103m\u00e2n\u0103 copiilor, actorii principali ai dou\u0103 evenimente speciale: Festivitatea de Premiere a concursului \u201e\u00cen lumea \u015ftiin\u0163ei\u201d \u015fi MusicForKids Moldova Battle.<\/span><\/i><\/b><\/p>\n<p id=\"yui_3_16_0_1_1426794525147_9380\" class=\"yiv5616305422MsoNormal\"><b><span lang=\"RO\">S\u00e2mb\u0103t\u0103<\/span><\/b><span id=\"yui_3_16_0_1_1426794525147_9386\" lang=\"RO\">, <b id=\"yui_3_16_0_1_1426794525147_9385\">21 martie 2015<\/b>, <b>aproximativ 100 de copii de gr\u0103dini\u0163\u0103<\/b> vor fi premia\u0163i pentru rezultatele ob\u0163inute la\u00a0<b id=\"yui_3_16_0_1_1426794525147_9388\">concursul \u201e\u00cen lumea \u015ftiin\u0163ei\u201d<\/b>. Evenimentul va \u00eencepe la <b>ora 10.00<\/b>, \u00een <b>Pia\u0163eta Carrefour Market<\/b>.<\/span><\/p>\n<p id=\"yui_3_16_0_1_1426794525147_9414\" class=\"yiv5616305422MsoNormal\"><b><span lang=\"RO\">Tot<\/span><\/b><b><span lang=\"RO\"> s\u00e2mb\u0103t\u0103<\/span><\/b><span id=\"yui_3_16_0_1_1426794525147_9390\" lang=\"RO\">, <b>de la ora 13.00<\/b>, <b id=\"yui_3_16_0_1_1426794525147_9389\">pe scena de la parterul mall-ului<\/b> va avea loc <b>MusicForKids Moldova Battle<\/b>.<b id=\"yui_3_16_0_1_1426794525147_9392\">Evenimentul se adreseaz\u0103 copiilor \u015fi tinerilor din Republica Moldova<\/b>, cu talent muzical \u015fi care doresc s\u0103 se remarce. Este primul concurs &#8211; spectacol dedicat micilor c\u00e2nt\u0103re\u0163i de peste Prut, la care s-au \u00eenscris aproximativ 50 de copii \u015fi tineri. Vor participa concuren\u0163i din patru grupe de v\u00e2rste: 5 \u2013 7 ani, 8 \u2013 10 ani, 11 \u2013 13 ani \u015fi 14 \u2013 17 ani. C\u00e2\u015ftig\u0103torii fiec\u0103rei categorii vor avea ocazia s\u0103 reprezinte Republica Moldova la Musicforkids International Music Festival 2015, cel mai important concurs interna\u0163ional de muzic\u0103 u\u015foar\u0103 pentru copii \u015fi adolescen\u0163i din Rom\u00e2nia, care va avea loc \u00een ansamblul Palas Ia\u015fi, \u00een perioada 12 &#8211; 16 august.<\/span><\/p>\n","protected":false},"excerpt":{"rendered":"<p>IULIUS MALL IA\u015eI dedic\u0103 acest final de s\u0103pt\u0103m\u00e2n\u0103 copiilor, actorii principali ai dou\u0103 evenimente speciale:&#8230; <a class=\"meta-more\" href=\"https:\/\/infois.ro\/?p=16566\">more <span class=\"meta-nav\">&raquo;<\/span><\/a><\/p>\n","protected":false},"author":2,"featured_media":16567,"comment_status":"open","ping_status":"closed","sticky":false,"template":"","format":"standard","meta":{"footnotes":""},"categories":[12,41],"tags":[74,362,40,6797,650],"aioseo_notices":[],"_links":{"self":[{"href":"https:\/\/infois.ro\/index.php?rest_route=\/wp\/v2\/posts\/16566"}],"collection":[{"href":"https:\/\/infois.ro\/index.php?rest_route=\/wp\/v2\/posts"}],"about":[{"href":"https:\/\/infois.ro\/index.php?rest_route=\/wp\/v2\/types\/post"}],"author":[{"embeddable":true,"href":"https:\/\/infois.ro\/index.php?rest_route=\/wp\/v2\/users\/2"}],"replies":[{"embeddable":true,"href":"https:\/\/infois.ro\/index.php?rest_route=%2Fwp%2Fv2%2Fcomments&post=16566"}],"version-history":[{"count":1,"href":"https:\/\/infois.ro\/index.php?rest_route=\/wp\/v2\/posts\/16566\/revisions"}],"predecessor-version":[{"id":16568,"href":"https:\/\/infois.ro\/index.php?rest_route=\/wp\/v2\/posts\/16566\/revisions\/16568"}],"wp:featuredmedia":[{"embeddable":true,"href":"https:\/\/infois.ro\/index.php?rest_route=\/wp\/v2\/media\/16567"}],"wp:attachment":[{"href":"https:\/\/infois.ro\/index.php?rest_route=%2Fwp%2Fv2%2Fmedia&parent=16566"}],"wp:term":[{"taxonomy":"category","embeddable":true,"href":"https:\/\/infois.ro\/index.php?rest_route=%2Fwp%2Fv2%2Fcategories&post=16566"},{"taxonomy":"post_tag","embeddable":true,"href":"https:\/\/infois.ro\/index.php?rest_route=%2Fwp%2Fv2%2Ftags&post=16566"}],"curies":[{"name":"wp","href":"https:\/\/api.w.org\/{rel}","templated":true}]}}