{"id":16859,"date":"2015-04-06T18:23:12","date_gmt":"2015-04-06T15:23:12","guid":{"rendered":"http:\/\/infois.ro\/?p=16859"},"modified":"2015-04-06T18:23:12","modified_gmt":"2015-04-06T15:23:12","slug":"cafenelele-si-restaurantele-din-palas-deschise-in-prima-zi-de-paste","status":"publish","type":"post","link":"https:\/\/infois.ro\/?p=16859","title":{"rendered":"Cafenelele \u0219i restaurantele din Palas, deschise \u00een prima zi de Pa\u0219te"},"content":{"rendered":"<p class=\"yiv9998950913MsoNormal\" style=\"text-align: justify;\"><a href=\"http:\/\/infois.ro\/wp-content\/uploads\/2015\/04\/orar-Iulius-Mall.jpg\"><img loading=\"lazy\" decoding=\"async\" class=\"alignleft  wp-image-16860\" src=\"http:\/\/infois.ro\/wp-content\/uploads\/cache\/2015\/04\/orar-Iulius-Mall\/1115742933.jpg\" alt=\"orar-Iulius-Mall\" width=\"114\" height=\"162\" \/><\/a><\/p>\n<p id=\"yui_3_16_0_1_1428333199342_14144\" class=\"yiv9998950913MsoNormal\" style=\"text-align: justify;\"><b id=\"yui_3_16_0_1_1428333199342_14143\"><i id=\"yui_3_16_0_1_1428333199342_14142\"><span id=\"yui_3_16_0_1_1428333199342_14141\">Ansamblul Palas \u015fi Iulius Mall Ia\u015fi le vin \u00een \u00eent\u00e2mpinare cu un program special celor care se preg\u0103tesc de S\u0103rb\u0103torile Pascale. Astfel, clien\u0163ii se pot bucura de sesiuni prelungite de cump\u0103r\u0103turi \u015fi \u00ee\u015fi pot petrece minivacan\u0163a relax\u00e2ndu-se la cafenele sau \u00een spa\u0163iile de distrac\u0163ie.<\/span><\/i><\/b><\/p>\n<p id=\"yui_3_16_0_1_1428333199342_14164\" class=\"yiv9998950913MsoNormal\" style=\"text-align: justify;\"><b>S\u00e2mb\u0103t\u0103<\/b><span id=\"yui_3_16_0_1_1428333199342_14145\">, <b id=\"yui_3_16_0_1_1428333199342_14178\">11 aprilie 2015<\/b>, \u00een toate <b>magazinele din Palas<\/b>, sesiunile de shopping pentru \u00eennoirea garderobei cu articole \u00een tendin\u0163e \u015fi cele pentru completarea listei de bun\u0103t\u0103\u0163i pentru Pa\u015fte se pot realiza \u00een intervalul <b>orar 10.00 &#8211; 18.00<\/b>. <b>Duminic\u0103<\/b>, <b>12 aprilie<\/b>, \u00een<b>prima zi de Pa\u015fte<\/b>, <b id=\"yui_3_16_0_1_1428333199342_14166\">mall-ul este \u00eenchis<\/b>, \u00eens\u0103 <b>clien\u0163ii vor avea alte op\u0163iuni \u00een parc<\/b>. Amatorii de distrac\u0163ie pot s\u0103rb\u0103tori \u00een ora\u015f, la<b id=\"yui_3_16_0_1_1428333199342_14153\">cafenelele \u015fi restaurantele din parc \u015fi de pe esplanada Teatrului \u201eLuceaf\u0103rul\u201d<\/b>, deschise special pentru ei, \u00een intervalul <b>14.00 &#8211; 22.00<\/b>. \u00cen plus, pe \u00eentreaga perioad\u0103 a s\u0103rb\u0103torilor, <b>clubul de Bowling Play Again \u015fi cafeneaua La Corniche vor fi deschise p\u00e2n\u0103 la ultimul client<\/b>.<\/span><\/p>\n<p id=\"yui_3_16_0_1_1428333199342_14176\" class=\"yiv9998950913MsoNormal\" style=\"text-align: justify;\"><b>De luni<\/b><span id=\"yui_3_16_0_1_1428333199342_14148\">, 13 aprilie, <b id=\"yui_3_16_0_1_1428333199342_14147\">programul revine la cel obi\u015fnuit<\/b>, <b id=\"yui_3_16_0_1_1428333199342_14179\">Palas Mall fiind deschis \u00eentre orele 10.00 &#8211; 22.00<\/b>.<a href=\"http:\/\/infois.ro\/wp-content\/uploads\/2015\/04\/Orar-Palas-Iasi.jpg\"><img loading=\"lazy\" decoding=\"async\" class=\"alignright  wp-image-16861\" src=\"http:\/\/infois.ro\/wp-content\/uploads\/cache\/2015\/04\/Orar-Palas-Iasi\/847286985.jpg\" alt=\"Orar-Palas-Iasi\" width=\"146\" height=\"198\" \/><\/a><\/span><\/p>\n<p id=\"yui_3_16_0_1_1428333199342_14175\" class=\"yiv9998950913MsoNormal\" style=\"text-align: justify;\">Clien\u0163ii care mai au de finalizat preg\u0103tirile pentru masa de Pa\u015fte sunt a\u015ftepta\u0163i la <b>Auchan<\/b>, care va fi deschis <b>s\u00e2mb\u0103t\u0103<\/b>, \u00eentre orele<b>08.00 \u015fi 18.00<\/b>. <b id=\"yui_3_16_0_1_1428333199342_14150\">Duminic\u0103<\/b>, <b>hypermarketul este \u00eenchis<\/b>, iar <b id=\"yui_3_16_0_1_1428333199342_14180\">luni va fi deschis \u00eentre orele 10.00 \u015fi 23.00<\/b>.<\/p>\n<p class=\"yiv9998950913MsoNormal\" style=\"text-align: justify;\"><span id=\"yui_3_16_0_1_1428333199342_14173\">\u015ei <b id=\"yui_3_16_0_1_1428333199342_14174\">Iulius Mall Ia\u015fi va func\u0163iona dup\u0103 un program special \u00een perioada s\u0103rb\u0103torilor<\/b>. <b>S\u00e2mb\u0103t\u0103<\/b>, <b>magazinele vor fi deschise \u00eentre orele 10.00 \u015fi 18.00<\/b>, pentru to\u0163i cei care nu \u015fi-au finalizat cump\u0103r\u0103turile, iar <b id=\"yui_3_16_0_1_1428333199342_14181\">duminic\u0103 vor fi \u00eenchise<\/b>. <b>Excep\u0163ie fac Starnet \u015fi cafeneaua La Corniche<\/b>, care <b id=\"yui_3_16_0_1_1428333199342_14172\">vor fi deschise non-stop<\/b>, precum \u015fi <b>clubul Viper<\/b>, care <\/span><b>duminic\u0103 \u00eei<\/b><b> a\u015fteapt\u0103 pe clien\u0163i de la ora 13.00<\/b><span id=\"yui_3_16_0_1_1428333199342_14170\">. <b>Luni<\/b>, <b id=\"yui_3_16_0_1_1428333199342_14169\">Iulius Mall va reveni la programul binecunoscut<\/b>, <b>10.00 \u2013 22.00<\/b>.<\/span><\/p>\n","protected":false},"excerpt":{"rendered":"<p>Ansamblul Palas \u015fi Iulius Mall Ia\u015fi le vin \u00een \u00eent\u00e2mpinare cu un program special celor&#8230; <a class=\"meta-more\" href=\"https:\/\/infois.ro\/?p=16859\">more <span class=\"meta-nav\">&raquo;<\/span><\/a><\/p>\n","protected":false},"author":2,"featured_media":16860,"comment_status":"open","ping_status":"closed","sticky":false,"template":"","format":"standard","meta":{"footnotes":""},"categories":[6,41],"tags":[74,3818,40,79,100,6898,6899],"aioseo_notices":[],"_links":{"self":[{"href":"https:\/\/infois.ro\/index.php?rest_route=\/wp\/v2\/posts\/16859"}],"collection":[{"href":"https:\/\/infois.ro\/index.php?rest_route=\/wp\/v2\/posts"}],"about":[{"href":"https:\/\/infois.ro\/index.php?rest_route=\/wp\/v2\/types\/post"}],"author":[{"embeddable":true,"href":"https:\/\/infois.ro\/index.php?rest_route=\/wp\/v2\/users\/2"}],"replies":[{"embeddable":true,"href":"https:\/\/infois.ro\/index.php?rest_route=%2Fwp%2Fv2%2Fcomments&post=16859"}],"version-history":[{"count":1,"href":"https:\/\/infois.ro\/index.php?rest_route=\/wp\/v2\/posts\/16859\/revisions"}],"predecessor-version":[{"id":16862,"href":"https:\/\/infois.ro\/index.php?rest_route=\/wp\/v2\/posts\/16859\/revisions\/16862"}],"wp:featuredmedia":[{"embeddable":true,"href":"https:\/\/infois.ro\/index.php?rest_route=\/wp\/v2\/media\/16860"}],"wp:attachment":[{"href":"https:\/\/infois.ro\/index.php?rest_route=%2Fwp%2Fv2%2Fmedia&parent=16859"}],"wp:term":[{"taxonomy":"category","embeddable":true,"href":"https:\/\/infois.ro\/index.php?rest_route=%2Fwp%2Fv2%2Fcategories&post=16859"},{"taxonomy":"post_tag","embeddable":true,"href":"https:\/\/infois.ro\/index.php?rest_route=%2Fwp%2Fv2%2Ftags&post=16859"}],"curies":[{"name":"wp","href":"https:\/\/api.w.org\/{rel}","templated":true}]}}