{"id":16905,"date":"2015-04-07T22:11:14","date_gmt":"2015-04-07T19:11:14","guid":{"rendered":"http:\/\/infois.ro\/?p=16905"},"modified":"2015-04-07T22:11:14","modified_gmt":"2015-04-07T19:11:14","slug":"66-dintre-ieseni-cred-ca-orasul-lor-va-fi-desemnat-drept-capitala-culturala-europeana-in-anul-2021","status":"publish","type":"post","link":"https:\/\/infois.ro\/?p=16905","title":{"rendered":"66% dintre ie\u0219eni cred c\u0103 ora\u0219ul lor va fi desemnat drept \u201dCapital\u0103 Cultural\u0103 European\u0103\u201d \u00een anul 2021"},"content":{"rendered":"<p style=\"text-align: justify;\"><a href=\"http:\/\/infois.ro\/wp-content\/uploads\/2015\/04\/sondaj-cce.jpg\"><img loading=\"lazy\" decoding=\"async\" class=\"alignleft  wp-image-16906\" src=\"http:\/\/infois.ro\/wp-content\/uploads\/cache\/2015\/04\/sondaj-cce\/3601496178.jpg\" alt=\"sondaj cce\" width=\"207\" height=\"400\" \/><\/a><\/p>\n<p style=\"text-align: justify;\">La solicitarea Prim\u0103riei municipiului Ia\u015fi \u015fi a Funda\u0163iei \u201dIa\u015fi \u2013 Capital\u0103 Cultural\u0103 European\u0103 2021\u201d, Funda\u021bia academic\u0103 AXIS a efectuat, recent, un sondaj de opinie despre practicile de consum cultural \u00een ora\u0219ul Ia\u0219i. Rezultatele acestei cercet\u0103ri, care rprezint\u0103 at\u00e2t un indicator al percep\u021biei ie\u0219enilor fa\u021b\u0103 de ora\u0219ul \u00een care locuiesc, c\u00e2t \u0219i al st\u0103rii de fapt \u00een materie de consum cultural, a fost prezentat mar\u021bi, 7 aprilie, \u00een Sala Mare a Prim\u0103riei, de Dan Dobo\u0219, directorul Funda\u021biei \u201dIa\u0219i \u2013 Capital\u0103 Cultural\u0103 European\u0103 2021\u201d \u0219i conf. univ. dr. Adrian Netedu, membru al Funda\u0163iei academice AXIS. Conform sondajului, Ia\u015ful este perceput drept capitala cultural\u0103 a Rom\u00e2niei, ie\u015fenii consider\u00e2nd \u00een marea lor majoritate c\u0103 municipiul Ia\u015fi merit\u0103 \u015fi poate c\u00e2\u015ftiga titlul de \u201dCapital\u0103 European\u0103 a Culturii\u201d. Conform sondajului, manifest\u0103rile culturale, precum FIE, ori FILIT, au un grad de participare semnificativ, dar recordul este de\u021binut de \u201dS\u0103rb\u0103torilor Ia\u015fului\u201d. \u00cen opinia locuitorilor municipiului, un brand al Ia\u015fului trebuie s\u0103 \u0163in\u0103 cont de triada: cultur\u0103, istorie, ora\u015f studen\u0163esc. Cel mai reprezentativ simbol cultural al municipiului Ia\u0219i este Palatul Culturii, urmat de Universitatea \u201dAlexandru \u00a0Ioan Cuza\u201d \u015fi Mitropolia Moldovei \u0219i Bucovinei. \u00cen ceea ce prive\u0219te consumul cultural \u201delitist\u201d, studiul arat\u0103 c\u0103 48% dintre ie\u0219eni au fost, \u00een ultimul an, m\u0103car o dat\u0103, la un spectacol de teatru, pe primul loc \u00een acest clasament situ\u00e2ndu-se popula\u021bia cu v\u00e2rsta \u00eentre 15 \u0219i 31 de ani. \u00cengrijor\u0103tor este faptul c\u0103, potrivit datelor acestei cercet\u0103ri, 41% dintre ie\u0219eni nu au fost niciodat\u0103 la un spectacol de teatru, oper\u0103 sau filarmonic\u0103, \u00een timp ce 42% dintre ace\u0219tia nu au intrat, \u00een ultimele 12 luni, \u00eentr-o libr\u0103rie, pentru a-\u0219i cump\u0103ra o carte, iar 60% nu au c\u0103lcat pragul unei biblioteci. Sondajul efectuat de Funda\u021bia academic\u0103 AXIS mai relev\u0103 faptul c\u0103 87% dintre ie\u0219eni au auzit de candidatura Ia\u0219ului la titlul de \u201dCapital\u0103 Cultural\u0103 European\u0103\u201d \u00een anul 2021, \u00een timp ce 66% dintre ace\u0219tia cred c\u0103 Ia\u0219ul va c\u00e2\u0219tiga competi\u021bia cu celelalte ora\u0219e din \u021bar\u0103, pentru a fi desemnat Capital\u0103 Cultural\u0103 European\u0103. \u201dPunctele tari\u201d pe care se bazeaz\u0103 candidatura Ia\u0219ului la titlul de \u201dCapital\u0103 Cultural\u0103 European\u0103\u201d \u00een anul 2021 sunt, \u00een opinia locuitorilor acestui ora\u0219, arhitectura, manifest\u0103rile culturale, frumuse\u021bea sa \u0219i trecutul istoric, \u00een timp ce la capitolul \u201dpuncte slabe\u201d, responden\u021bii au indicat, \u00een ordine, poluarea, \u0219antierele permanente \u0219i imobilele vechi, aflate \u00een paragin\u0103. \u00cen opinia ie\u0219enilor, sintagma care se potrive\u0219te cel mai bine ora\u0219ului este, \u00een ordine, Ia\u0219i \u2013 ora\u0219 istoric, Ia\u0219i \u2013 ora\u0219 al culturii \u0219i, respectiv, Ia\u0219i \u2013 ora\u0219 studen\u021besc.\u00a0 Sondajul a fost efectuat \u00een perioada 27 februarie \u2013 1 martie 2015, prin metoda chestionarului, pe un e\u0219antion de o mie de persoane cu v\u00e2rsta pester 15 ani, din municipiul Ia\u0219i. Nivelul de \u00eencredere al sondajului este de 95%, iar procentul de eroare de plus\/minus 3%. \u00cen anul 2021, un ora\u0219 din Rom\u00e2nia \u0219i unul din Grecia urmeaz\u0103 s\u0103 fie desemnate de c\u0103tre Uniunea European\u0103 drept \u201dCapitale Culturale Europeane\u201d. Candidaturile pot fi depuse p\u00e2n\u0103 pe data de 10 octombrie 2015. Desemnarea ora\u015fului\u00a0\u201dCapital\u0103 Cultural\u0103 European\u0103\u201d\u00a0va\u00a0 avea loc \u00een dou\u0103 etape, una de preselec\u0163ie, jurizat\u0103 de exper\u0163i locali, desemna\u0163i de autorit\u0103\u0163i, \u015fi de reprezentan\u0163i ai Uniunii Europene, pentru ca mai apoi, decizia final\u0103 s\u0103 fie luat\u0103 de Parlamentul European, care accept\u0103 sau nu candidatura, respectiv Consiliul de Mini\u015ftri al Uniunii Europene. Lista final\u0103 cu ora\u015fele ale c\u0103ror candidatur\u0103 a fost acceptat\u0103 va fi disponibil\u0103 la finalul anului 2016, urm\u00e2nd ca p\u00e2n\u0103 la sf\u00e2r\u0219itul anului 2017, forurile europene s\u0103 decid\u0103 numele\u00a0 ora\u015fului din Rom\u00e2nia, care va fi \u201dCapitala Cultural\u0103 European\u0103\u201d \u00een anul 2021. P\u00e2n\u0103 acum, \u00een cursa pentru desemnarea titlului de \u201dCapital\u0103 Cultural\u0103 a Europei\u201d \u00een anul 2021 \u0219i-au depus candidatura mai multe ora\u0219e din Rom\u00e2nia, printre care Ia\u0219i, Timi\u0219oara, Cluj \u0219i Craiova.<\/p>\n","protected":false},"excerpt":{"rendered":"<p>La solicitarea Prim\u0103riei municipiului Ia\u015fi \u015fi a Funda\u0163iei \u201dIa\u015fi \u2013 Capital\u0103 Cultural\u0103 European\u0103 2021\u201d, Funda\u021bia&#8230; <a class=\"meta-more\" href=\"https:\/\/infois.ro\/?p=16905\">more <span class=\"meta-nav\">&raquo;<\/span><\/a><\/p>\n","protected":false},"author":2,"featured_media":16906,"comment_status":"open","ping_status":"closed","sticky":false,"template":"","format":"standard","meta":{"footnotes":""},"categories":[1,41],"tags":[74,5556,2366,40,424,5246],"aioseo_notices":[],"_links":{"self":[{"href":"https:\/\/infois.ro\/index.php?rest_route=\/wp\/v2\/posts\/16905"}],"collection":[{"href":"https:\/\/infois.ro\/index.php?rest_route=\/wp\/v2\/posts"}],"about":[{"href":"https:\/\/infois.ro\/index.php?rest_route=\/wp\/v2\/types\/post"}],"author":[{"embeddable":true,"href":"https:\/\/infois.ro\/index.php?rest_route=\/wp\/v2\/users\/2"}],"replies":[{"embeddable":true,"href":"https:\/\/infois.ro\/index.php?rest_route=%2Fwp%2Fv2%2Fcomments&post=16905"}],"version-history":[{"count":1,"href":"https:\/\/infois.ro\/index.php?rest_route=\/wp\/v2\/posts\/16905\/revisions"}],"predecessor-version":[{"id":16907,"href":"https:\/\/infois.ro\/index.php?rest_route=\/wp\/v2\/posts\/16905\/revisions\/16907"}],"wp:featuredmedia":[{"embeddable":true,"href":"https:\/\/infois.ro\/index.php?rest_route=\/wp\/v2\/media\/16906"}],"wp:attachment":[{"href":"https:\/\/infois.ro\/index.php?rest_route=%2Fwp%2Fv2%2Fmedia&parent=16905"}],"wp:term":[{"taxonomy":"category","embeddable":true,"href":"https:\/\/infois.ro\/index.php?rest_route=%2Fwp%2Fv2%2Fcategories&post=16905"},{"taxonomy":"post_tag","embeddable":true,"href":"https:\/\/infois.ro\/index.php?rest_route=%2Fwp%2Fv2%2Ftags&post=16905"}],"curies":[{"name":"wp","href":"https:\/\/api.w.org\/{rel}","templated":true}]}}