{"id":17019,"date":"2015-04-16T17:55:41","date_gmt":"2015-04-16T14:55:41","guid":{"rendered":"http:\/\/infois.ro\/?p=17019"},"modified":"2015-04-16T17:55:41","modified_gmt":"2015-04-16T14:55:41","slug":"modificari-in-circulatia-mijloacelor-de-transport-in-comun-in-zona-tatarasi-sud","status":"publish","type":"post","link":"https:\/\/infois.ro\/?p=17019","title":{"rendered":"Modific\u0103ri \u00een circula\u021bia mijloacelor de transport \u00een comun, \u00een zona T\u0103t\u0103ra\u0219i Sud"},"content":{"rendered":"<p style=\"text-align: justify;\"><a href=\"http:\/\/infois.ro\/wp-content\/uploads\/2015\/04\/linii-tramvai.jpg\"><img loading=\"lazy\" decoding=\"async\" class=\"alignleft  wp-image-17020\" src=\"http:\/\/infois.ro\/wp-content\/uploads\/cache\/2015\/04\/linii-tramvai\/990296691.jpg\" alt=\"linii-tramvai\" width=\"230\" height=\"175\" \/><\/a><\/p>\n<p style=\"text-align: justify;\">Ca urmare a lucr\u0103rilor de reabilitare \u0219i modernizare a c\u0103ii de rulare a tramvaielor \u00een intersec\u021bia T\u0103t\u0103ra\u0219i Sud, \u00eencep\u00e2nd cu data de luni, 20 aprilie, vor fi operate o serie de modific\u0103ri privind circula\u021bia mijloacelor de transport \u00een comun \u00een aceast\u0103 zon\u0103, dup\u0103 cum urmeaz\u0103: traseul de tramvai nr. 3 va avea parcursul Gar\u0103 \u2013 T\u0103t\u0103ra\u015fi Nord, transportul c\u0103l\u0103torilor din Dancu urm\u00e2nd s\u0103 fie asigurat de autobuze, care vor circula pe itinerariul T\u0103t\u0103ra\u015fi Nord \u2013 Dancu. Potrivit reprezentan\u021bilor Regiei Autonome de Transport Public (RATP), abonamentele r\u0103m\u00e2n valabile pe vechiul itinerariu. Lucr\u0103rile de reabilitare \u0219i modernizare a c\u0103ii de rulare a tramvaielor \u00een zona T\u0103t\u0103ra\u0219i Sud fac parte din proiectul de \u00eembun\u0103t\u0103\u021bire a infrastructurii de transport public, incluse \u00een Polul de Cre\u0219tere Ia\u0219i. Proiectul, \u00een valoare de 47.442.859,85 lei, f\u0103r\u0103 TVA, fonduri europene nerambursabile, la care se adaug\u0103 contribu\u021bia de la bugetul propriu al municipiului, de 1.788.608,33 lei (f\u0103r\u0103 TVA), presupune schimbarea liniilor de tramvai de pe un traseu \u00een lungime total\u0103 de 9,9 km din municipiul Ia\u0219i, care include tronsoanele cuprinse \u00eentre fostul Bazar (Bd. Nicolae Iorga) \u2013 \u0162es\u0103tura \u2013 Calea Chi\u015fin\u0103ului \u2013 Metalurgie \u2013 Doi B\u0103ie\u0163i. Licita\u021bia organizat\u0103 \u00een anul 2013 de Prim\u0103rie a fost c\u00e2\u0219tigat\u0103 de asocierea dintre Mari Vila Com SRL, Conest SA \u015fi Gr\u0103dinariu Import Export, termenul de finalizare a lucr\u0103rilor fiind 28 iunie 2015. Investi\u021bia face parte din cadrul Programului Opera\u021bional Regional (POR), fiind co-finan\u021bat\u0103 de Uniunea European\u0103, prin Fondul European pentru Dezvoltare Regional\u0103. Potrivit contractului \u00eencheiat \u00eentre municipalitate \u0219i asocierea de firme c\u00e2\u0219tig\u0103toare a licita\u021biei, lucr\u0103rile au o garan\u021bie de execu\u021bie de trei ani \u0219i o alt\u0103 garan\u021bie tehnic\u0103 de execu\u021bie, de zece ani, ceea ce \u00eenseamn\u0103 c\u0103, dac\u0103 \u00een urm\u0103torii zece ani de la finalizarea investi\u021biei (luna iunie 2015) apar disfunc\u021bionalit\u0103\u021bi \u00een utilizarea c\u0103ii de rulare a tramvaielor, acestea vor fi suportate, \u00een \u00eentregime, de c\u0103tre constructor.<\/p>\n","protected":false},"excerpt":{"rendered":"<p>Ca urmare a lucr\u0103rilor de reabilitare \u0219i modernizare a c\u0103ii de rulare a tramvaielor \u00een&#8230; <a class=\"meta-more\" href=\"https:\/\/infois.ro\/?p=17019\">more <span class=\"meta-nav\">&raquo;<\/span><\/a><\/p>\n","protected":false},"author":2,"featured_media":17020,"comment_status":"open","ping_status":"closed","sticky":false,"template":"","format":"standard","meta":{"footnotes":""},"categories":[1,41],"tags":[74,395,40,846,6953],"aioseo_notices":[],"_links":{"self":[{"href":"https:\/\/infois.ro\/index.php?rest_route=\/wp\/v2\/posts\/17019"}],"collection":[{"href":"https:\/\/infois.ro\/index.php?rest_route=\/wp\/v2\/posts"}],"about":[{"href":"https:\/\/infois.ro\/index.php?rest_route=\/wp\/v2\/types\/post"}],"author":[{"embeddable":true,"href":"https:\/\/infois.ro\/index.php?rest_route=\/wp\/v2\/users\/2"}],"replies":[{"embeddable":true,"href":"https:\/\/infois.ro\/index.php?rest_route=%2Fwp%2Fv2%2Fcomments&post=17019"}],"version-history":[{"count":1,"href":"https:\/\/infois.ro\/index.php?rest_route=\/wp\/v2\/posts\/17019\/revisions"}],"predecessor-version":[{"id":17021,"href":"https:\/\/infois.ro\/index.php?rest_route=\/wp\/v2\/posts\/17019\/revisions\/17021"}],"wp:featuredmedia":[{"embeddable":true,"href":"https:\/\/infois.ro\/index.php?rest_route=\/wp\/v2\/media\/17020"}],"wp:attachment":[{"href":"https:\/\/infois.ro\/index.php?rest_route=%2Fwp%2Fv2%2Fmedia&parent=17019"}],"wp:term":[{"taxonomy":"category","embeddable":true,"href":"https:\/\/infois.ro\/index.php?rest_route=%2Fwp%2Fv2%2Fcategories&post=17019"},{"taxonomy":"post_tag","embeddable":true,"href":"https:\/\/infois.ro\/index.php?rest_route=%2Fwp%2Fv2%2Ftags&post=17019"}],"curies":[{"name":"wp","href":"https:\/\/api.w.org\/{rel}","templated":true}]}}