{"id":17064,"date":"2015-04-19T18:22:24","date_gmt":"2015-04-19T15:22:24","guid":{"rendered":"http:\/\/infois.ro\/?p=17064"},"modified":"2015-04-19T18:22:24","modified_gmt":"2015-04-19T15:22:24","slug":"noi-locuri-de-parcare-de-resedinta-scoase-la-licitatie-de-primarie","status":"publish","type":"post","link":"https:\/\/infois.ro\/?p=17064","title":{"rendered":"Noi locuri de parcare de re\u0219edin\u021b\u0103, scoase la licita\u021bie de Prim\u0103rie"},"content":{"rendered":"<p style=\"text-align: justify;\"><a href=\"http:\/\/infois.ro\/wp-content\/uploads\/2015\/04\/parcare.jpg\"><img loading=\"lazy\" decoding=\"async\" class=\"alignleft  wp-image-17065\" src=\"http:\/\/infois.ro\/wp-content\/uploads\/cache\/2015\/04\/parcare\/2959026379.jpg\" alt=\"parcare\" width=\"286\" height=\"161\" \/><\/a><\/p>\n<p style=\"text-align: justify;\">Seria \u00eenchirierii parc\u0103rilor de re\u015fedin\u0163\u0103 din municipiu continu\u0103 luni, 20 aprilie, c\u00e2nd va fi disputat un loc de parcare \u00een str. Sarmisegetuza nr. 2A. La licita\u021bie se pot \u00eenscrie locatarii blocurilor D1-1, D1-2, D1-3, 260, 260A \u015fi 253. Urm\u0103toarea licita\u021bie este programat\u0103 mar\u021bi, 21 aprilie, c\u00e2nd va scos\u00a0la \u00eenchiriere un loc de parcare aflat \u00een b-dul Tudor Vladimirescu nr. 6. Pentru adjudecarea acestuia vor participa proprietarii de autovehicule ce locuiesc \u00een blocurile P13, P15, 311 \u015fi 32. Pentru \u00eenscrierea la licita\u0163ie, locatarii trebuie s\u0103 depun\u0103 un dosar ce cuprinde copia actului de identitate a doritorului, copia actelor de proprietate sau \u00eenchiriere a locuin\u0163ei, copia c\u0103r\u0163ii de identitate a autoturismului pentru care se dore\u015fte locul de parcare \u015fi certificatul de atestare fiscal\u0103 eliberat de DEFPL Ia\u015fi. Dosarul trebuie depus cu cel pu\u0163in o zi lucr\u0103toare \u00eenaintea desf\u0103\u015fur\u0103rii licita\u0163iei. Participantul trebuie s\u0103 achite pentru intrarea \u00een procedur\u0103 taxe totale de 65 lei. Acestea cuprind garan\u0163ia de participare (50 lei), taxa de participare (5 lei) \u015fi pre\u0163ul documenta\u0163iei (10 lei pe loc de parcare).\u00a0Rela\u0163ii suplimentare privind procurarea documenta\u0163iei \u015fi condi\u0163iile de participare se pot ob\u0163ine de la sediul DAPPP din str. Sm\u00e2rdan nr. 5, parter, telefon 0232\/276.588.<\/p>\n","protected":false},"excerpt":{"rendered":"<p>Seria \u00eenchirierii parc\u0103rilor de re\u015fedin\u0163\u0103 din municipiu continu\u0103 luni, 20 aprilie, c\u00e2nd va fi disputat&#8230; <a class=\"meta-more\" href=\"https:\/\/infois.ro\/?p=17064\">more <span class=\"meta-nav\">&raquo;<\/span><\/a><\/p>\n","protected":false},"author":2,"featured_media":17065,"comment_status":"open","ping_status":"closed","sticky":false,"template":"","format":"standard","meta":{"footnotes":""},"categories":[1,41],"tags":[74,4634,40,846,1671],"aioseo_notices":[],"_links":{"self":[{"href":"https:\/\/infois.ro\/index.php?rest_route=\/wp\/v2\/posts\/17064"}],"collection":[{"href":"https:\/\/infois.ro\/index.php?rest_route=\/wp\/v2\/posts"}],"about":[{"href":"https:\/\/infois.ro\/index.php?rest_route=\/wp\/v2\/types\/post"}],"author":[{"embeddable":true,"href":"https:\/\/infois.ro\/index.php?rest_route=\/wp\/v2\/users\/2"}],"replies":[{"embeddable":true,"href":"https:\/\/infois.ro\/index.php?rest_route=%2Fwp%2Fv2%2Fcomments&post=17064"}],"version-history":[{"count":1,"href":"https:\/\/infois.ro\/index.php?rest_route=\/wp\/v2\/posts\/17064\/revisions"}],"predecessor-version":[{"id":17066,"href":"https:\/\/infois.ro\/index.php?rest_route=\/wp\/v2\/posts\/17064\/revisions\/17066"}],"wp:featuredmedia":[{"embeddable":true,"href":"https:\/\/infois.ro\/index.php?rest_route=\/wp\/v2\/media\/17065"}],"wp:attachment":[{"href":"https:\/\/infois.ro\/index.php?rest_route=%2Fwp%2Fv2%2Fmedia&parent=17064"}],"wp:term":[{"taxonomy":"category","embeddable":true,"href":"https:\/\/infois.ro\/index.php?rest_route=%2Fwp%2Fv2%2Fcategories&post=17064"},{"taxonomy":"post_tag","embeddable":true,"href":"https:\/\/infois.ro\/index.php?rest_route=%2Fwp%2Fv2%2Ftags&post=17064"}],"curies":[{"name":"wp","href":"https:\/\/api.w.org\/{rel}","templated":true}]}}