{"id":17260,"date":"2015-04-30T08:30:19","date_gmt":"2015-04-30T05:30:19","guid":{"rendered":"http:\/\/infois.ro\/?p=17260"},"modified":"2015-04-30T08:30:19","modified_gmt":"2015-04-30T05:30:19","slug":"a-fost-aprobata-strategia-de-dezvoltare-sociala-si-economica-a-judetului-iasi-pentru-perioada-2014-2020","status":"publish","type":"post","link":"https:\/\/infois.ro\/?p=17260","title":{"rendered":"A fost aprobat\u0103 Strategia de Dezvoltare Social\u0103 \u0219i Economic\u0103 a jude\u021bului Ia\u0219i pentru perioada 2014-2020"},"content":{"rendered":"<p style=\"text-align: justify;\"><a href=\"http:\/\/infois.ro\/wp-content\/uploads\/2014\/08\/consiliul-judetean-iasi.jpg\"><img loading=\"lazy\" decoding=\"async\" class=\"alignleft  wp-image-12757\" src=\"http:\/\/infois.ro\/wp-content\/uploads\/2014\/08\/consiliul-judetean-iasi.jpg\" alt=\"consiliul-judetean-iasi\" width=\"251\" height=\"167\" srcset=\"https:\/\/infois.ro\/wp-content\/uploads\/2014\/08\/consiliul-judetean-iasi.jpg 600w, https:\/\/infois.ro\/wp-content\/uploads\/2014\/08\/consiliul-judetean-iasi-300x200.jpg 300w\" sizes=\"(max-width: 251px) 100vw, 251px\" \/><\/a><\/p>\n<p style=\"text-align: justify;\">\u00centruni\u021bi \u00een \u0219edin\u021b\u0103 ordinar\u0103, consilierii jude\u021beni ie\u0219eni au aprobat miercuri, 29 aprilie, Strategia de Dezvoltare Social\u0103 \u0219i Economic\u0103 a Jude\u021bului Ia\u0219i pentru perioada 2014-2020, document fundamental pentru atragerea \u0219i cheltuirea de fonduri europene \u00een urm\u0103torul exerci\u021biu financiar al Uniunii Europene. \u00cen document sunt detaliate cele trei priorit\u0103\u021bi pentru care actuala administra\u021bie jude\u021bean\u0103 \u00ee\u0219i propune s\u0103 atrag\u0103 fonduri europene: \u00eembun\u0103t\u0103\u021birea infrastructurii, consolidarea economiei \u0219i, respectiv, cre\u0219terea calit\u0103\u021bii vie\u021bii \u0219i a protec\u021biei mediului \u00eenconjur\u0103tor, \u00een aceasta din urm\u0103 fiind inclus\u0103 \u0219i sus\u021binerea culturii, creativit\u0103\u021bii \u0219i educa\u021biei. \u201d\u00cen ceea ce prive\u0219te infrastructura jude\u021bului, obiectivele prioritare sunt cele trei mare Axe rutiere: Axa I Ia\u0219i \u2013 Gropni\u021ba \u2013 Coarnele Caprei \u2013 Belce\u0219ti \u2013 Cepleni\u021ba &#8211; Scobin\u021bi \u2013 Sire\u021bel \u2013 Lespezi, Axa II Ia\u0219i \u2013 Miroslava \u2013 Voine\u0219ti \u2013 \u021aib\u0103ne\u0219ti \u2013 Tansa \u2013 Dag\u00e2\u021ba \u0219i Axa III Centura u\u0219oar\u0103 a Municipiului Ia\u0219i. La aceastea se adaug\u0103 continuarea proiectului de la Aeroport. \u00cen august vom avea un alt aeroport, cu pist\u0103, parcare de avioane \u0219i terminal noi. \u00cen perioada 2014-2020 vrem s\u0103 dezvolt\u0103m un terminal nou, \u00een partea dinspre Aroneanu, o pist\u0103 de taxi pentru avioane \u0219i o nou\u0103 parcare pentru acestea, investi\u021bii de aproape 100 milioane de euro. Prin lucr\u0103rile de la Aeroport \u0219i prin realizarea Centrului Intermodal Regional de Transport Marf\u0103 \u00een zona Ia\u015fi vrem ca Ia\u0219ul s\u0103 devin\u0103 cel mai important centru logistic din Estul Europei.\u201d, a declarat Cristian Adomni\u021bei, pre\u0219edintele Consiliului Jude\u021bean (CJ) Ia\u0219i. El a ad\u0103ugat c\u0103, \u00een ceea ce prive\u0219te infrastructura, CJ Ia\u0219i mai are \u00een vedere investi\u021bii \u00een spitalele din subordine \u0219i lucr\u0103rile pentru reabilitarea total\u0103 a infrastructurii Direc\u021biei General\u0103 de Asisten\u021b\u0103 Social\u0103 \u0219i Protec\u021bia Copilului. Strategia de Dezvoltare Social\u0103 \u0219i Economic\u0103 a Jude\u021bului Ia\u0219i pentru perioada 2014-2020 a fost realizat\u0103 de GEA Strategy &amp; Consulting \u0219i a costat 149.000 de lei.<\/p>\n","protected":false},"excerpt":{"rendered":"<p>\u00centruni\u021bi \u00een \u0219edin\u021b\u0103 ordinar\u0103, consilierii jude\u021beni ie\u0219eni au aprobat miercuri, 29 aprilie, Strategia de Dezvoltare&#8230; <a class=\"meta-more\" href=\"https:\/\/infois.ro\/?p=17260\">more <span class=\"meta-nav\">&raquo;<\/span><\/a><\/p>\n","protected":false},"author":2,"featured_media":12757,"comment_status":"open","ping_status":"closed","sticky":false,"template":"","format":"standard","meta":{"footnotes":""},"categories":[1,41],"tags":[74,465,133,395,40,2417],"aioseo_notices":[],"_links":{"self":[{"href":"https:\/\/infois.ro\/index.php?rest_route=\/wp\/v2\/posts\/17260"}],"collection":[{"href":"https:\/\/infois.ro\/index.php?rest_route=\/wp\/v2\/posts"}],"about":[{"href":"https:\/\/infois.ro\/index.php?rest_route=\/wp\/v2\/types\/post"}],"author":[{"embeddable":true,"href":"https:\/\/infois.ro\/index.php?rest_route=\/wp\/v2\/users\/2"}],"replies":[{"embeddable":true,"href":"https:\/\/infois.ro\/index.php?rest_route=%2Fwp%2Fv2%2Fcomments&post=17260"}],"version-history":[{"count":1,"href":"https:\/\/infois.ro\/index.php?rest_route=\/wp\/v2\/posts\/17260\/revisions"}],"predecessor-version":[{"id":17261,"href":"https:\/\/infois.ro\/index.php?rest_route=\/wp\/v2\/posts\/17260\/revisions\/17261"}],"wp:featuredmedia":[{"embeddable":true,"href":"https:\/\/infois.ro\/index.php?rest_route=\/wp\/v2\/media\/12757"}],"wp:attachment":[{"href":"https:\/\/infois.ro\/index.php?rest_route=%2Fwp%2Fv2%2Fmedia&parent=17260"}],"wp:term":[{"taxonomy":"category","embeddable":true,"href":"https:\/\/infois.ro\/index.php?rest_route=%2Fwp%2Fv2%2Fcategories&post=17260"},{"taxonomy":"post_tag","embeddable":true,"href":"https:\/\/infois.ro\/index.php?rest_route=%2Fwp%2Fv2%2Ftags&post=17260"}],"curies":[{"name":"wp","href":"https:\/\/api.w.org\/{rel}","templated":true}]}}