{"id":17312,"date":"2015-05-04T18:15:09","date_gmt":"2015-05-04T15:15:09","guid":{"rendered":"http:\/\/infois.ro\/?p=17312"},"modified":"2015-05-04T18:15:09","modified_gmt":"2015-05-04T15:15:09","slug":"judetul-iasi-reprezentat-la-congresul-autoritatilor-locale-din-europa","status":"publish","type":"post","link":"https:\/\/infois.ro\/?p=17312","title":{"rendered":"Jude\u021bul Ia\u0219i, reprezentat la Congresul Autorit\u0103\u021bilor Locale din Europa"},"content":{"rendered":"<p style=\"text-align: justify;\"><a href=\"http:\/\/infois.ro\/wp-content\/uploads\/2015\/05\/adomnitei.jpg\"><img loading=\"lazy\" decoding=\"async\" class=\"alignleft  wp-image-17313\" src=\"http:\/\/infois.ro\/wp-content\/uploads\/2015\/05\/adomnitei.jpg\" alt=\"adomnitei\" width=\"330\" height=\"215\" srcset=\"https:\/\/infois.ro\/wp-content\/uploads\/2015\/05\/adomnitei.jpg 600w, https:\/\/infois.ro\/wp-content\/uploads\/2015\/05\/adomnitei-300x195.jpg 300w\" sizes=\"(max-width: 330px) 100vw, 330px\" \/><\/a><\/p>\n<p style=\"text-align: justify;\">Institutul de Studii Estice din Var\u0219ovia organizeaz\u0103 \u00een intervalul 4-5 mai, la Cracovia\u00a0 (Polonia), cel mai important Congres al Autorit\u0103\u021bilor Locale din Europa, manifestare care reune\u0219te peste 800 de reprezentan\u021bi ai autorit\u0103\u021bilor locale \u0219i regionale, precum \u0219i reprezentan\u021bi ai Comitetului Regiunilor \u0219i ai Consiliului Europei. La invita\u021bia organizatorilor, Consiliul Jude\u021bean (CJ) Ia\u0219i este partener al acestui eveniment. \u201d\u00cen prima zi a Congresului am participat la lucr\u0103ri, sus\u021bin\u00e2nd o prezentare privind importan\u021ba conexiunilor aeriene \u0219i a dezvolt\u0103rii aeroporturilor regionale, av\u00e2nd ca exemplu de bune practici ceea ce am realizat deja la Aeroportul Interna\u021bional Ia\u0219i.\u00a0M\u00e2ine, Consiliul Jude\u021bean Ia\u0219i, \u00een calitate de partener al Congresului European al Autorit\u0103\u021bilor Locale, va organiza un panel de discu\u021bii intitulat &lt;&lt;Provoc\u0103ri ale cooper\u0103rii transfrontaliere pe grani\u021ba de Est a Uniunii Europene: oportunit\u0103\u021bi comune, parteneriate puternice \u0219i amenin\u021b\u0103ri comune&gt;&gt;\u201d, a declarat Cristian Adomni\u021bei, pre\u0219edintele Consiliului Jude\u021bean Ia\u0219i, care a avut o \u00eentrevedere \u0219i cu Markku Markkula, pre\u0219edintele Comitetului Regiunilor (Partidul Popular European). Evenimentul Consiliului Jude\u021bean Ia\u0219i a generat un interes masiv din partea participan\u021bilor din Polonia, Ucraina \u0219i Republica Moldova. \u00cen cadrul panelului vor participa ca speakeri Pre\u0219edintele Consiliului Regional Odessa, dl. Mykhailo Shmushkovich, Guvernatorul Administra\u021biei de Stat Cern\u0103u\u021bi, dl. Oleksandr Fyshchuk, Secretarul de Stat din cadrul Ministerului Educa\u021biei din Polonia, dl. Tadeusz Slawecki, Vicemare\u0219alul Voievodatului Podkarpackie, dl. Wojciech Buczak, parlamentarul polenez dl. Arkadiusz Mularczyk, Pre\u0219edintele Raionului Ialoveni, dl. Lilian Popescu, \u0219i Pre\u0219edintele Euroregiunii \u201dNistru\u201d, dl. Serhii Tatusiak \u2013 se precizeaz\u0103 \u00eentr-un comunicat al Biroului de pres\u0103 al CJ Ia\u0219i.<\/p>\n","protected":false},"excerpt":{"rendered":"<p>Institutul de Studii Estice din Var\u0219ovia organizeaz\u0103 \u00een intervalul 4-5 mai, la Cracovia\u00a0 (Polonia), cel&#8230; <a class=\"meta-more\" href=\"https:\/\/infois.ro\/?p=17312\">more <span class=\"meta-nav\">&raquo;<\/span><\/a><\/p>\n","protected":false},"author":2,"featured_media":17313,"comment_status":"open","ping_status":"closed","sticky":false,"template":"","format":"standard","meta":{"footnotes":""},"categories":[1],"tags":[465,7027,374,40,7028],"aioseo_notices":[],"_links":{"self":[{"href":"https:\/\/infois.ro\/index.php?rest_route=\/wp\/v2\/posts\/17312"}],"collection":[{"href":"https:\/\/infois.ro\/index.php?rest_route=\/wp\/v2\/posts"}],"about":[{"href":"https:\/\/infois.ro\/index.php?rest_route=\/wp\/v2\/types\/post"}],"author":[{"embeddable":true,"href":"https:\/\/infois.ro\/index.php?rest_route=\/wp\/v2\/users\/2"}],"replies":[{"embeddable":true,"href":"https:\/\/infois.ro\/index.php?rest_route=%2Fwp%2Fv2%2Fcomments&post=17312"}],"version-history":[{"count":1,"href":"https:\/\/infois.ro\/index.php?rest_route=\/wp\/v2\/posts\/17312\/revisions"}],"predecessor-version":[{"id":17314,"href":"https:\/\/infois.ro\/index.php?rest_route=\/wp\/v2\/posts\/17312\/revisions\/17314"}],"wp:featuredmedia":[{"embeddable":true,"href":"https:\/\/infois.ro\/index.php?rest_route=\/wp\/v2\/media\/17313"}],"wp:attachment":[{"href":"https:\/\/infois.ro\/index.php?rest_route=%2Fwp%2Fv2%2Fmedia&parent=17312"}],"wp:term":[{"taxonomy":"category","embeddable":true,"href":"https:\/\/infois.ro\/index.php?rest_route=%2Fwp%2Fv2%2Fcategories&post=17312"},{"taxonomy":"post_tag","embeddable":true,"href":"https:\/\/infois.ro\/index.php?rest_route=%2Fwp%2Fv2%2Ftags&post=17312"}],"curies":[{"name":"wp","href":"https:\/\/api.w.org\/{rel}","templated":true}]}}