{"id":17397,"date":"2015-05-07T18:12:53","date_gmt":"2015-05-07T15:12:53","guid":{"rendered":"http:\/\/infois.ro\/?p=17397"},"modified":"2015-05-07T18:12:53","modified_gmt":"2015-05-07T15:12:53","slug":"o-noua-artera-de-circulatie-deschisa-in-oras","status":"publish","type":"post","link":"https:\/\/infois.ro\/?p=17397","title":{"rendered":"O nou\u0103 arter\u0103 de circula\u021bie deschis\u0103 \u00een ora\u0219"},"content":{"rendered":"<p style=\"text-align: justify;\"><a href=\"http:\/\/infois.ro\/wp-content\/uploads\/2015\/05\/stradela-Sf.-Andrei.jpg\"><img loading=\"lazy\" decoding=\"async\" class=\"alignleft  wp-image-17398\" src=\"http:\/\/infois.ro\/wp-content\/uploads\/2015\/05\/stradela-Sf.-Andrei.jpg\" alt=\"stradela-Sf.-Andrei\" width=\"260\" height=\"265\" srcset=\"https:\/\/infois.ro\/wp-content\/uploads\/2015\/05\/stradela-Sf.-Andrei.jpg 600w, https:\/\/infois.ro\/wp-content\/uploads\/2015\/05\/stradela-Sf.-Andrei-294x300.jpg 294w\" sizes=\"(max-width: 260px) 100vw, 260px\" \/><\/a><\/p>\n<p style=\"text-align: justify;\">\u0218oferii ie\u0219eni au posibilitatea de a ajunge \u00eentr-un timp mult mai scurt din centrul ora\u0219ului c\u0103tre Gara Interna\u021bional\u0103 \u201dNicolina\u201d, odat\u0103 cu deschiderea circula\u021biei pe stradela Sf. Andrei, \u00een urma definitiv\u0103rii de c\u0103tre municipalitate a marcajelor rutiere \u015fi montarea indicatoarelor. Noua arter\u0103 func\u0163ioneaz\u0103 cu sens unic dinspre strada Palat spre Podul Cantemir, pun\u00e2nd la dispozi\u0163ia \u015foferilor dou\u0103 benzi de circula\u0163ie. La intersec\u0163ia dinspre Splai Bahlui, traficul este reglementat printr-un semafor care permite intrarea \u00een siguran\u0163\u0103 pe accesul spre Bulevardul Dimitrie Cantemir \u015fi Gara Interna\u021bional\u0103 \u201dNicolina\u201d. Stradela Sf. Andrei nu ofer\u0103, \u00een schimb, acces direct pentru \u015foferii ce vin de pe strada din Palas. Pentru a nu bloca intersec\u0163ia, \u015foferii de pe aceast\u0103 leg\u0103tur\u0103 au obligatoriu la dreapta spre Pia\u0163a Palatului. Pentru a nu permite autovehiculelor \u00eentoarcerea pe sensul spre Podu Ro\u015f, pe axul central al drumului au fost monta\u0163i popici rutieri. Potrivit oficialilor Prim\u0103riei, din punctul de vedere al traficului, odat\u0103 cu deschiderea stradelei, este realizat un inel de acces spre \u015fi dinspre zona central\u0103 a ora\u015fului. Strada Sf. Andrei asigur\u0103 fluxul spre Pia\u0163a Palatului, \u00een timp ce stradela creaz\u0103 o leg\u0103tur\u0103 direct\u0103 spre malul Bahluiului. \u201dPrin deschiderea circula\u0163iei, este descongestionat\u0103 \u00een prim\u0103 instan\u0163\u0103 intersec\u0163ia din dreptul Facult\u0103\u0163ii de Construc\u0163ii, la intrarea spre Podu Ro\u015f. Este facilitat accesul dinspre zona central\u0103 spre Podul Cantemir \u015fi prin Splai Bahlui Mal St\u00e2ng spre Podul de Piatr\u0103\u201d, afirm\u0103 reprezentan\u021bii municipalit\u0103\u021bii. Stradela Sf. Andrei a fost construit\u0103 pe parcursul anului trecut, devenind cea mai nou\u0103 arter\u0103 \u00eenfiin\u0163at\u0103 \u00een municipiu. Leg\u0103tura rutier\u0103 are o lungime de 190 de metri, cu dou\u0103 benzi de circula\u0163ie, \u015fi a fost realizat\u0103 par\u0163ial pe traseul fostei stradele, ce nu avea leg\u0103tur\u0103 \u00een strada Palat \u015fi par\u0163ial pe terenul dintre blocurile din dreptul podului Cantemir. Odat\u0103 cu realizarea str\u0103zii au fost create \u015fi pavate trotuarele, l\u0103\u0163imea acestora fiind limitat\u0103 din pricina propriet\u0103\u0163ilor private din zon\u0103.<\/p>\n","protected":false},"excerpt":{"rendered":"<p>\u0218oferii ie\u0219eni au posibilitatea de a ajunge \u00eentr-un timp mult mai scurt din centrul ora\u0219ului&#8230; <a class=\"meta-more\" href=\"https:\/\/infois.ro\/?p=17397\">more <span class=\"meta-nav\">&raquo;<\/span><\/a><\/p>\n","protected":false},"author":2,"featured_media":17398,"comment_status":"open","ping_status":"closed","sticky":false,"template":"","format":"standard","meta":{"footnotes":""},"categories":[1,41],"tags":[74,40,296,2478],"aioseo_notices":[],"_links":{"self":[{"href":"https:\/\/infois.ro\/index.php?rest_route=\/wp\/v2\/posts\/17397"}],"collection":[{"href":"https:\/\/infois.ro\/index.php?rest_route=\/wp\/v2\/posts"}],"about":[{"href":"https:\/\/infois.ro\/index.php?rest_route=\/wp\/v2\/types\/post"}],"author":[{"embeddable":true,"href":"https:\/\/infois.ro\/index.php?rest_route=\/wp\/v2\/users\/2"}],"replies":[{"embeddable":true,"href":"https:\/\/infois.ro\/index.php?rest_route=%2Fwp%2Fv2%2Fcomments&post=17397"}],"version-history":[{"count":1,"href":"https:\/\/infois.ro\/index.php?rest_route=\/wp\/v2\/posts\/17397\/revisions"}],"predecessor-version":[{"id":17399,"href":"https:\/\/infois.ro\/index.php?rest_route=\/wp\/v2\/posts\/17397\/revisions\/17399"}],"wp:featuredmedia":[{"embeddable":true,"href":"https:\/\/infois.ro\/index.php?rest_route=\/wp\/v2\/media\/17398"}],"wp:attachment":[{"href":"https:\/\/infois.ro\/index.php?rest_route=%2Fwp%2Fv2%2Fmedia&parent=17397"}],"wp:term":[{"taxonomy":"category","embeddable":true,"href":"https:\/\/infois.ro\/index.php?rest_route=%2Fwp%2Fv2%2Fcategories&post=17397"},{"taxonomy":"post_tag","embeddable":true,"href":"https:\/\/infois.ro\/index.php?rest_route=%2Fwp%2Fv2%2Ftags&post=17397"}],"curies":[{"name":"wp","href":"https:\/\/api.w.org\/{rel}","templated":true}]}}