{"id":17708,"date":"2015-05-21T17:24:51","date_gmt":"2015-05-21T14:24:51","guid":{"rendered":"http:\/\/infois.ro\/?p=17708"},"modified":"2015-05-21T17:24:51","modified_gmt":"2015-05-21T14:24:51","slug":"educatia-in-secolul-xxi-valori-metamorfoze-provocari","status":"publish","type":"post","link":"https:\/\/infois.ro\/?p=17708","title":{"rendered":"Educa\u021bia \u00een secolul XXI. Valori, metamorfoze, provoc\u0103ri"},"content":{"rendered":"<p style=\"text-align: justify;\"><a href=\"http:\/\/infois.ro\/wp-content\/uploads\/2015\/05\/bcu.jpg\"><img loading=\"lazy\" decoding=\"async\" class=\"alignleft  wp-image-17709\" src=\"http:\/\/infois.ro\/wp-content\/uploads\/2015\/05\/bcu.jpg\" alt=\"bcu\" width=\"319\" height=\"137\" srcset=\"https:\/\/infois.ro\/wp-content\/uploads\/2015\/05\/bcu.jpg 600w, https:\/\/infois.ro\/wp-content\/uploads\/2015\/05\/bcu-300x128.jpg 300w\" sizes=\"(max-width: 319px) 100vw, 319px\" \/><\/a><\/p>\n<p style=\"text-align: justify;\">Inspectoratul \u0218colar Jude\u021bean Ia\u0219i, \u00een parteneriat cu HOLT Rom\u00e2nia, filiala Ia\u0219i \u0219i Reprezentan\u021ba UNICEF \u00een Rom\u00e2nia organizeaz\u0103 <b id=\"yiv8047798432yui_3_16_0_1_1432197476707_3202\">vineri, 22 mai 2015, de la ora 13.00, \u00een Aula Bibliotecii Central-Universitare <span id=\"yiv8047798432yui_3_16_0_1_1432197476707_3148\" class=\"yiv8047798432class\"><i id=\"yiv8047798432yui_3_16_0_1_1432197476707_3147\" class=\"yiv8047798432class\">\u201e<\/i><\/span>Mihai Eminescu\u201d din Ia\u0219i<\/b>, <b id=\"yiv8047798432yui_3_16_0_1_1432197476707_3208\">conferin\u021ba motiva\u021bional\u0103<\/b> despre importan\u021ba educa\u021biei parentale: <b id=\"yiv8047798432yui_3_16_0_1_1432197476707_3150\" class=\"yiv8047798432class\"><i id=\"yiv8047798432yui_3_16_0_1_1432197476707_3149\" class=\"yiv8047798432class\">\u201eEduca\u021bia \u00een secolul XXI. Valori, metamorfoze, provoc\u0103ri\u201d,\u00a0<\/i><\/b>\u00een cadrul proiectului \u201e\u00cempreun\u0103 pentru copii\u201d, PEC 062.<\/p>\n<div id=\"yiv8047798432ygrp-mlmsg\">\n<div id=\"yiv8047798432ygrp-msg\">\n<div id=\"yiv8047798432ygrp-text\">\n<div id=\"yui_3_16_0_1_1432217145076_12794\">\n<div id=\"yiv8047798432yui_3_16_0_1_1432197476707_3064\" class=\"yiv8047798432class\" style=\"text-align: justify;\"><span id=\"yiv8047798432yui_3_16_0_1_1432197476707_3120\" class=\"yiv8047798432class\">Dat\u0103 fiind importan\u021ba educa\u021biei parentale \u00een contextul provoc\u0103rilor societ\u0103\u021bii cunoa\u0219terii, conferin\u021ba este inclus\u0103 \u00een calendarul edi\u021biei din anul acesta a Festivalului Interna\u021bional al Educa\u021biei. Este cunoscut rolul p\u0103rin\u021bilor \u00eentr-o implicare benefic\u0103 \u00een via\u021ba tinerilor\/copiilor, dar niciodat\u0103 suficient explicat \u0219i analizat prin raportare la problematica v\u00e2rstelor \u0219i la contextele sociale complexe. Polivalen\u021ba perspectivelor abordate va fi surprins\u0103 de c\u0103tre speciali\u0219ti ce reprezint\u0103 spa\u021biul preuniversitar \u0219i universitar, de reprezentan\u021bi ai autorit\u0103\u021bii publice locale, precum \u0219i de viziunea societ\u0103\u021bii civile.\u00a0<\/span><span id=\"yiv8047798432yui_3_16_0_1_1432197476707_6455\">La acest eveniment sunt invita\u021bi:\u00a0<\/span><span id=\"yiv8047798432yui_3_16_0_1_1432197476707_3507\">educatorii parentali selecta\u021bi \u00een cadrul proiectului,\u00a0<\/span><span id=\"yiv8047798432yui_3_16_0_1_1432197476707_3510\">exper\u021bi CJRAE,\u00a0<\/span><span id=\"yiv8047798432yui_3_16_0_1_1432197476707_3525\">directori ai unit\u0103\u021bilor de \u00eenv\u0103\u021b\u0103m\u00e2nt din municipiul Ia\u0219i \u0219i jude\u021bul Ia\u0219i,\u00a0<\/span><span id=\"yiv8047798432yui_3_16_0_1_1432197476707_3201\">p\u0103rin\u021bi si\u00a0<\/span><span id=\"yiv8047798432yui_3_16_0_1_1432197476707_3511\">elevi.<\/span><span id=\"yiv8047798432yui_3_16_0_1_1432197476707_3508\">\u00a0<\/span><\/div>\n<\/div>\n<\/div>\n<\/div>\n<\/div>\n","protected":false},"excerpt":{"rendered":"<p>Inspectoratul \u0218colar Jude\u021bean Ia\u0219i, \u00een parteneriat cu HOLT Rom\u00e2nia, filiala Ia\u0219i \u0219i Reprezentan\u021ba UNICEF \u00een&#8230; <a class=\"meta-more\" href=\"https:\/\/infois.ro\/?p=17708\">more <span class=\"meta-nav\">&raquo;<\/span><\/a><\/p>\n","protected":false},"author":2,"featured_media":17709,"comment_status":"open","ping_status":"closed","sticky":false,"template":"","format":"standard","meta":{"footnotes":""},"categories":[12],"tags":[227,7115,2249,40,313],"aioseo_notices":[],"_links":{"self":[{"href":"https:\/\/infois.ro\/index.php?rest_route=\/wp\/v2\/posts\/17708"}],"collection":[{"href":"https:\/\/infois.ro\/index.php?rest_route=\/wp\/v2\/posts"}],"about":[{"href":"https:\/\/infois.ro\/index.php?rest_route=\/wp\/v2\/types\/post"}],"author":[{"embeddable":true,"href":"https:\/\/infois.ro\/index.php?rest_route=\/wp\/v2\/users\/2"}],"replies":[{"embeddable":true,"href":"https:\/\/infois.ro\/index.php?rest_route=%2Fwp%2Fv2%2Fcomments&post=17708"}],"version-history":[{"count":1,"href":"https:\/\/infois.ro\/index.php?rest_route=\/wp\/v2\/posts\/17708\/revisions"}],"predecessor-version":[{"id":17710,"href":"https:\/\/infois.ro\/index.php?rest_route=\/wp\/v2\/posts\/17708\/revisions\/17710"}],"wp:featuredmedia":[{"embeddable":true,"href":"https:\/\/infois.ro\/index.php?rest_route=\/wp\/v2\/media\/17709"}],"wp:attachment":[{"href":"https:\/\/infois.ro\/index.php?rest_route=%2Fwp%2Fv2%2Fmedia&parent=17708"}],"wp:term":[{"taxonomy":"category","embeddable":true,"href":"https:\/\/infois.ro\/index.php?rest_route=%2Fwp%2Fv2%2Fcategories&post=17708"},{"taxonomy":"post_tag","embeddable":true,"href":"https:\/\/infois.ro\/index.php?rest_route=%2Fwp%2Fv2%2Ftags&post=17708"}],"curies":[{"name":"wp","href":"https:\/\/api.w.org\/{rel}","templated":true}]}}