{"id":17779,"date":"2015-05-25T22:43:46","date_gmt":"2015-05-25T19:43:46","guid":{"rendered":"http:\/\/infois.ro\/?p=17779"},"modified":"2015-05-25T22:43:46","modified_gmt":"2015-05-25T19:43:46","slug":"veste-buna-pentru-ieseni-primaria-nu-va-mai-ridica-autovehiculele-care-stationeaza-ilegal-pe-domeniul-public","status":"publish","type":"post","link":"https:\/\/infois.ro\/?p=17779","title":{"rendered":"Veste bun\u0103 pentru ie\u0219eni: Prim\u0103ria nu va mai ridica autovehiculele care sta\u021bioneaz\u0103 ilegal pe domeniul public"},"content":{"rendered":"<p style=\"text-align: justify;\"><a href=\"http:\/\/infois.ro\/wp-content\/uploads\/2015\/05\/masina.jpg\"><img loading=\"lazy\" decoding=\"async\" class=\"alignleft  wp-image-17780\" src=\"http:\/\/infois.ro\/wp-content\/uploads\/2015\/05\/masina.jpg\" alt=\"masina\" width=\"313\" height=\"235\" srcset=\"https:\/\/infois.ro\/wp-content\/uploads\/2015\/05\/masina.jpg 600w, https:\/\/infois.ro\/wp-content\/uploads\/2015\/05\/masina-300x225.jpg 300w\" sizes=\"(max-width: 313px) 100vw, 313px\" \/><\/a><\/p>\n<p style=\"text-align: justify;\">Marius Dang\u0103, liderul grupului consilierilor liberali din Consiliul Local al Municipiului (CLM) Ia\u0219i, \u00eei solicit\u0103 primarului interimar Mihai Chirica s\u0103 emit\u0103 \u00een regim de urgen\u021b\u0103 o dispozi\u021bie prin care s\u0103 suspende dreptul SC Servicii Publice SA de a mai ridica autovehiculele care sta\u021bioneaz\u0103 ilegal pe domeniul public al municipiului Ia\u0219i, \u00een urma deciziei luate de judec\u0103torii \u00cenaltei Cur\u021bi de Casa\u021bie \u0219i Justi\u021bie (\u00ceCCJ). \u201d\u00cei solicit domnului Mihai Chirica, viceprimar cu atribu\u021bii de primar, s\u0103 emit\u0103 de urgen\u021b\u0103 o dispozi\u021bie prin s\u0103 fie suspendat dreptul SC Servicii Publice SA de a mai ridica ma\u0219ini, p\u00e2n\u0103 reglement\u0103rile \u00een materie se vor reg\u0103si \u00eentr-un regulament de aplicare a Ordonan\u021bei de Urgen\u021b\u0103 195 din 2002, regulament care trebuie adoptat de c\u0103tre Guvernul Rom\u00e2niei. Consider c\u0103 orice sume \u00eencasate, \u00eencep\u00e2nd de ast\u0103zi, de SC Servicii Publice SA, pentru servicii de ridicare, transport \u0219i depozitare ca fiind un abuz \u00eempotriva cet\u0103\u021benilor municipiului Ia\u0219i \u0219i al oaspe\u021bilor acestuia\u201d, afirm\u0103 Marius Dang\u0103, \u00eentr-un comunicat de pres\u0103. Reamintim c\u0103 Instan\u0163a Suprem\u0103 a admis o sesizare f\u0103cut\u0103 de Avocatul Poporului, prin care procedura de aplicare a m\u0103surii de ridicare a vehiculelor sta\u0163ionate sau oprite neregulamentar pe partea carosabil\u0103 nu poate fi reglementat\u0103 prin hot\u0103r\u00e2ri ale consiliilor locale. De asemenea, \u00ceCCJ a decis suspendarea ridic\u0103rii ma\u015finilor parcate neregulamentar de c\u0103tre unit\u0103\u021bile aflate \u00een administrarea prim\u0103riilor. Totodat\u0103, instan\u021ba suprem\u0103 a stabilit c\u0103 procedura de aplicare a m\u0103surii de ridicare a vehiculelor sta\u0163ionate sau oprite neregulamentar pe partea carosabil\u0103 nu poate fi reglementat\u0103 prin hot\u0103r\u00e2ri ale consiliilor locale, ci printr-o legisla\u0163ie na\u0163ional\u0103. &#8220;\u00cen baza acestei decizii, evident c\u0103 Guvernul Rom\u00e2niei va trebui s\u0103 elaboreze un regulament de aplicare a prevederilor Ordonan\u0163ei de Urgen\u0163\u0103 195 din 2002 care va stabili unitar la nivel de \u00eentrega \u0163ar\u0103 modul \u00een care urmeaz\u0103 s\u0103 se ridice aceste ma\u015fini parcate ilegal. Cu alte cuvinte, nu se mai pot aplica aceste proceduri stabilite de fiecare consiliul local \u00een parte. Va exista o procedur\u0103 unic\u0103 la nivel na\u0163ional care va trebui respectat\u0103 de toat\u0103 lumea&#8221;, a precizat Avocatul Poporului,\u00a0\u00a0 Victor Ciorbea.<\/p>\n","protected":false},"excerpt":{"rendered":"<p>Marius Dang\u0103, liderul grupului consilierilor liberali din Consiliul Local al Municipiului (CLM) Ia\u0219i, \u00eei solicit\u0103&#8230; <a class=\"meta-more\" href=\"https:\/\/infois.ro\/?p=17779\">more <span class=\"meta-nav\">&raquo;<\/span><\/a><\/p>\n","protected":false},"author":2,"featured_media":17780,"comment_status":"open","ping_status":"closed","sticky":false,"template":"","format":"standard","meta":{"footnotes":""},"categories":[1,41],"tags":[74,40,1015,7133,7134],"aioseo_notices":[],"_links":{"self":[{"href":"https:\/\/infois.ro\/index.php?rest_route=\/wp\/v2\/posts\/17779"}],"collection":[{"href":"https:\/\/infois.ro\/index.php?rest_route=\/wp\/v2\/posts"}],"about":[{"href":"https:\/\/infois.ro\/index.php?rest_route=\/wp\/v2\/types\/post"}],"author":[{"embeddable":true,"href":"https:\/\/infois.ro\/index.php?rest_route=\/wp\/v2\/users\/2"}],"replies":[{"embeddable":true,"href":"https:\/\/infois.ro\/index.php?rest_route=%2Fwp%2Fv2%2Fcomments&post=17779"}],"version-history":[{"count":1,"href":"https:\/\/infois.ro\/index.php?rest_route=\/wp\/v2\/posts\/17779\/revisions"}],"predecessor-version":[{"id":17781,"href":"https:\/\/infois.ro\/index.php?rest_route=\/wp\/v2\/posts\/17779\/revisions\/17781"}],"wp:featuredmedia":[{"embeddable":true,"href":"https:\/\/infois.ro\/index.php?rest_route=\/wp\/v2\/media\/17780"}],"wp:attachment":[{"href":"https:\/\/infois.ro\/index.php?rest_route=%2Fwp%2Fv2%2Fmedia&parent=17779"}],"wp:term":[{"taxonomy":"category","embeddable":true,"href":"https:\/\/infois.ro\/index.php?rest_route=%2Fwp%2Fv2%2Fcategories&post=17779"},{"taxonomy":"post_tag","embeddable":true,"href":"https:\/\/infois.ro\/index.php?rest_route=%2Fwp%2Fv2%2Ftags&post=17779"}],"curies":[{"name":"wp","href":"https:\/\/api.w.org\/{rel}","templated":true}]}}