{"id":17795,"date":"2015-05-26T15:53:51","date_gmt":"2015-05-26T12:53:51","guid":{"rendered":"http:\/\/infois.ro\/?p=17795"},"modified":"2015-05-26T15:53:51","modified_gmt":"2015-05-26T12:53:51","slug":"o-noua-editie-a-targului-antreprenorial-la-liceul-vasile-alecsandri-din-iasi","status":"publish","type":"post","link":"https:\/\/infois.ro\/?p=17795","title":{"rendered":"O nou\u0103 edi\u021bie a \u201dT\u00e2rgului antreprenorial\u201d, la Liceul \u201dVasile Alecsandri\u201d din Ia\u0219i"},"content":{"rendered":"<p style=\"text-align: justify;\"><a href=\"http:\/\/infois.ro\/wp-content\/uploads\/2015\/05\/liceul-alecsandri.jpg\"><img loading=\"lazy\" decoding=\"async\" class=\"alignleft  wp-image-17796\" src=\"http:\/\/infois.ro\/wp-content\/uploads\/2015\/05\/liceul-alecsandri.jpg\" alt=\"liceul-alecsandri\" width=\"378\" height=\"180\" srcset=\"https:\/\/infois.ro\/wp-content\/uploads\/2015\/05\/liceul-alecsandri.jpg 600w, https:\/\/infois.ro\/wp-content\/uploads\/2015\/05\/liceul-alecsandri-300x143.jpg 300w\" sizes=\"(max-width: 378px) 100vw, 378px\" \/><\/a><\/p>\n<p style=\"text-align: justify;\">Miercuri, 27 mai, \u00eencep\u00e2nd cu ora 12.30, Liceul Teoretic \u201dVasile Alecsandri\u201d din Ia\u0219i, \u00een parteneriat cu Inspectoratul \u0218colar Jude\u021bean Ia\u0219i, Centrul de Resurse \u0219i Asisten\u021b\u0103 Educa\u021bional\u0103 Ia\u0219i \u0219i Funda\u021bia \u201dAl\u0103turi de Voi\u201d Rom\u00e2nia organizeaz\u0103 cea de-a doua edi\u0163ie a \u201dT\u00e2rgului Antreprenorial\u201d. Evenimentul face parte din cadrul manifest\u0103rii \u201dZilele \u015ecolii\u201d 2015, fiind inclus \u00een proiectul \u201dConstruim ora\u0219ul \u00een curtea \u0219colii\u201d, care sus\u021bine implicarea eficient\u0103 \u0219i efectiv\u0103 a mediului de afaceri, de la manageri la profesionis\u021bii din departamente, \u00een dezvoltarea competen\u0163elor antreprenoriale \u015fi de comunicare, a atitudinilor responsabile \u015fi \u00een stimularea ini\u0163iativei personale a elevilor. Potrivit organizatorilor, \u00een acest an, 15 companii locale, na\u021bionale \u0219i interna\u021bionale au devenit \u201dp\u0103rin\u021bi comunitari\u201d pentru peste 300 de elevi din clasele\u00a0 IX \u2013 XI ai liceului, sprijinindu-i pe ace\u0219tia s\u0103 \u00een\u021beleag\u0103 no\u021biuni de baz\u0103 referitoare la antreprenoriat, prin \u00eent\u00e2lniri de lucru, organizarea \u0219i amenajarea unor standuri expozi\u021bionale \u00een cadrul T\u00e2rgului. \u201dCredem c\u0103 o comunitate se construie\u015fte pe sine, pornind din interiorul \u015fcolii, ca nucleu generator de resurse umane pentru societate \u015fi pentru pia\u0163a muncii, iar prin intermediul acestui proiect ne dorim s\u0103 dezvolt\u0103m un parteneriat autentic \u00eentre mediul educa\u021bional \u0219i comunitatea de afaceri, pentru familiarizarea tinerei genera\u021bii cu pia\u021ba for\u021bei de munc\u0103\u201d, a declarat Manuela Co\u021bofan, directorul Liceului Teoretic \u201dVasile Alecsandri\u201d din Ia\u0219i.<\/p>\n","protected":false},"excerpt":{"rendered":"<p>Miercuri, 27 mai, \u00eencep\u00e2nd cu ora 12.30, Liceul Teoretic \u201dVasile Alecsandri\u201d din Ia\u0219i, \u00een parteneriat&#8230; <a class=\"meta-more\" href=\"https:\/\/infois.ro\/?p=17795\">more <span class=\"meta-nav\">&raquo;<\/span><\/a><\/p>\n","protected":false},"author":2,"featured_media":17796,"comment_status":"open","ping_status":"closed","sticky":false,"template":"","format":"standard","meta":{"footnotes":""},"categories":[12,41],"tags":[74,2094,40,7137,579,2230],"aioseo_notices":[],"_links":{"self":[{"href":"https:\/\/infois.ro\/index.php?rest_route=\/wp\/v2\/posts\/17795"}],"collection":[{"href":"https:\/\/infois.ro\/index.php?rest_route=\/wp\/v2\/posts"}],"about":[{"href":"https:\/\/infois.ro\/index.php?rest_route=\/wp\/v2\/types\/post"}],"author":[{"embeddable":true,"href":"https:\/\/infois.ro\/index.php?rest_route=\/wp\/v2\/users\/2"}],"replies":[{"embeddable":true,"href":"https:\/\/infois.ro\/index.php?rest_route=%2Fwp%2Fv2%2Fcomments&post=17795"}],"version-history":[{"count":1,"href":"https:\/\/infois.ro\/index.php?rest_route=\/wp\/v2\/posts\/17795\/revisions"}],"predecessor-version":[{"id":17797,"href":"https:\/\/infois.ro\/index.php?rest_route=\/wp\/v2\/posts\/17795\/revisions\/17797"}],"wp:featuredmedia":[{"embeddable":true,"href":"https:\/\/infois.ro\/index.php?rest_route=\/wp\/v2\/media\/17796"}],"wp:attachment":[{"href":"https:\/\/infois.ro\/index.php?rest_route=%2Fwp%2Fv2%2Fmedia&parent=17795"}],"wp:term":[{"taxonomy":"category","embeddable":true,"href":"https:\/\/infois.ro\/index.php?rest_route=%2Fwp%2Fv2%2Fcategories&post=17795"},{"taxonomy":"post_tag","embeddable":true,"href":"https:\/\/infois.ro\/index.php?rest_route=%2Fwp%2Fv2%2Ftags&post=17795"}],"curies":[{"name":"wp","href":"https:\/\/api.w.org\/{rel}","templated":true}]}}