{"id":17889,"date":"2015-06-01T21:46:08","date_gmt":"2015-06-01T18:46:08","guid":{"rendered":"http:\/\/infois.ro\/?p=17889"},"modified":"2015-06-01T21:46:08","modified_gmt":"2015-06-01T18:46:08","slug":"ziua-internationala-a-copilului-marcata-de-fundatia-serviciilor-sociale-bethany","status":"publish","type":"post","link":"https:\/\/infois.ro\/?p=17889","title":{"rendered":"Ziua Interna\u021bional\u0103 a Copilului, marcat\u0103 de Funda\u021bia Serviciilor Sociale Bethany"},"content":{"rendered":"<p style=\"text-align: justify;\"><a href=\"http:\/\/infois.ro\/wp-content\/uploads\/2015\/06\/ziua-copilului.jpg\"><img loading=\"lazy\" decoding=\"async\" class=\"alignleft  wp-image-17890\" src=\"http:\/\/infois.ro\/wp-content\/uploads\/2015\/06\/ziua-copilului.jpg\" alt=\"ziua-copilului\" width=\"289\" height=\"217\" srcset=\"https:\/\/infois.ro\/wp-content\/uploads\/2015\/06\/ziua-copilului.jpg 600w, https:\/\/infois.ro\/wp-content\/uploads\/2015\/06\/ziua-copilului-300x225.jpg 300w\" sizes=\"(max-width: 289px) 100vw, 289px\" \/><\/a><\/p>\n<p style=\"text-align: justify;\">Funda\u021bia Serviciilor Sociale Bethany a marcat Ziua Interna\u021bional\u0103 a Copilului printr-un eveniment special,\u00a0 la care au participat aproape o sut\u0103 de copii din \u00eenv\u0103\u021b\u0103m\u00e2ntul special, \u00eenv\u0103\u021b\u0103m\u00e2ntul de mas\u0103 \u0219i copii cu dizabilit\u0103\u021bi. Este o tradi\u021bie deja ca \u00een fiecare an, pe data de 1 iunie, echipa Funda\u021biei Bethany s\u0103 preg\u0103teasc\u0103 momente speciale care s\u0103-i bucure pe copii, de ziua lor. \u00cen acest an, cu sprijinul partenerilor de la Decathlon care au g\u0103zduit evenimentul, copiii au avut parte de jocuri sportive pline de amuzament \u0219i de momente artistice deosebite. Al\u0103turi de bucuria de a s\u0103rb\u0103tori copil\u0103ria \u0219i cei mai frumo\u0219i ani, evenimentul a c\u0103p\u0103tat o \u00eensemn\u0103tate aparte prin prisma faptului c\u0103 a reunit copii cu dizabilit\u0103\u021bi, copii din \u00eenv\u0103\u021b\u0103m\u00e2ntul special \u0219i \u00eenv\u0103\u021b\u0103m\u00e2ntul de mas\u0103 deopotriv\u0103. Beneficiarii Funda\u021biei Bethany, implica\u021bi \u00een programe de recuperare pentru copii cu dizabilit\u0103\u021bi, copiii nev\u0103z\u0103tori de la Liceul Special \u201cMoldova\u201d din T\u00e2rgu Frumos \u0219i elevii\u00a0 \u0218colii Gimnaziale \u201cConstantin Erbiceanu\u201d, din comuna Erbiceni, jude\u021bul Ia\u0219i, au petrecut \u00eempreun\u0103 dou\u0103 ore colorate de z\u00e2mbete \u0219i veselie. Prin acest demers, organizatorii au dorit s\u0103 transmit\u0103 comunit\u0103\u021bii un mesaj prin care s\u0103 fac\u0103 apel la solidaritate \u0219i la egalitatea de \u0219anse a persoanelor cu dizabilit\u0103\u021bi. Evenimentul este parte integrant\u0103 din Campania de con\u0219tientizare \u0219i sensibilizare cu privire la dizabilitate, derulat\u0103 \u00een cadrul proiectului mai vast \u201dMobilitate \u00een comunitate\u201d. Proiectul se\u00a0 desf\u0103\u0219oar\u0103 \u00een perioada martie 2015 &#8211; martie 2016 \u00een parteneriat cu Funda\u021bia Motivation Rom\u00e2nia \u0219i este finan\u021bat prin granturile SEE 2009-2014, \u00een cadrul\u00a0 Programului Fondul ONG \u00een Rom\u00e2nia &#8211;\u00a0 Componenta 4 Servicii sociale \u015fi de baz\u0103. Pe tot parcursul derul\u0103rii sale, sunt prev\u0103zute mai multe activit\u0103\u021bi de instruire dedicate persoanelor cu dizabilit\u0103\u021bi, \u00eenso\u021bitorilor acestora \u0219i speciali\u0219tilor din domeniu, servicii de terapie prin art\u0103 la sediul Funda\u021biei Serviciilor Sociale Bethany \u0219i servicii la domiciliu prin echipa mobil\u0103 a Funda\u021biei Motivation Rom\u00e2nia \u00een jude\u021bele Ia\u0219i, Vaslui \u0219i Neam\u021b.<\/p>\n","protected":false},"excerpt":{"rendered":"<p>Funda\u021bia Serviciilor Sociale Bethany a marcat Ziua Interna\u021bional\u0103 a Copilului printr-un eveniment special,\u00a0 la care&#8230; <a class=\"meta-more\" href=\"https:\/\/infois.ro\/?p=17889\">more <span class=\"meta-nav\">&raquo;<\/span><\/a><\/p>\n","protected":false},"author":2,"featured_media":17890,"comment_status":"open","ping_status":"closed","sticky":false,"template":"","format":"standard","meta":{"footnotes":""},"categories":[41,32],"tags":[74,3515,889,7155,40,2378],"aioseo_notices":[],"_links":{"self":[{"href":"https:\/\/infois.ro\/index.php?rest_route=\/wp\/v2\/posts\/17889"}],"collection":[{"href":"https:\/\/infois.ro\/index.php?rest_route=\/wp\/v2\/posts"}],"about":[{"href":"https:\/\/infois.ro\/index.php?rest_route=\/wp\/v2\/types\/post"}],"author":[{"embeddable":true,"href":"https:\/\/infois.ro\/index.php?rest_route=\/wp\/v2\/users\/2"}],"replies":[{"embeddable":true,"href":"https:\/\/infois.ro\/index.php?rest_route=%2Fwp%2Fv2%2Fcomments&post=17889"}],"version-history":[{"count":1,"href":"https:\/\/infois.ro\/index.php?rest_route=\/wp\/v2\/posts\/17889\/revisions"}],"predecessor-version":[{"id":17891,"href":"https:\/\/infois.ro\/index.php?rest_route=\/wp\/v2\/posts\/17889\/revisions\/17891"}],"wp:featuredmedia":[{"embeddable":true,"href":"https:\/\/infois.ro\/index.php?rest_route=\/wp\/v2\/media\/17890"}],"wp:attachment":[{"href":"https:\/\/infois.ro\/index.php?rest_route=%2Fwp%2Fv2%2Fmedia&parent=17889"}],"wp:term":[{"taxonomy":"category","embeddable":true,"href":"https:\/\/infois.ro\/index.php?rest_route=%2Fwp%2Fv2%2Fcategories&post=17889"},{"taxonomy":"post_tag","embeddable":true,"href":"https:\/\/infois.ro\/index.php?rest_route=%2Fwp%2Fv2%2Ftags&post=17889"}],"curies":[{"name":"wp","href":"https:\/\/api.w.org\/{rel}","templated":true}]}}