{"id":17976,"date":"2015-06-09T08:24:39","date_gmt":"2015-06-09T05:24:39","guid":{"rendered":"http:\/\/infois.ro\/?p=17976"},"modified":"2015-06-09T08:24:39","modified_gmt":"2015-06-09T05:24:39","slug":"conducerea-institutiei-prefectului-va-fi-completata-pentru-o-zi-cu-doi-noi-membri","status":"publish","type":"post","link":"https:\/\/infois.ro\/?p=17976","title":{"rendered":"Conducerea Institu\u0163iei Prefectului va fi completat\u0103, pentru o zi, cu doi noi membri"},"content":{"rendered":"<div id=\"yiv8354084687yui_3_16_0_1_1433796429327_17035\" class=\"yiv8354084687class\" style=\"text-align: justify;\"><\/div>\n<div class=\"yiv8354084687class\" style=\"text-align: justify;\"><a href=\"http:\/\/infois.ro\/wp-content\/uploads\/2013\/12\/prefectura-iasi.jpg\"><img loading=\"lazy\" decoding=\"async\" class=\"alignleft  wp-image-8720\" src=\"http:\/\/infois.ro\/wp-content\/uploads\/2013\/12\/prefectura-iasi.jpg\" alt=\"prefectura iasi\" width=\"295\" height=\"221\" \/><\/a><\/div>\n<div id=\"yiv8354084687yui_3_16_0_1_1433796429327_17037\" class=\"yiv8354084687class\" style=\"text-align: justify;\"><span id=\"yiv8354084687yui_3_16_0_1_1433796429327_17036\" class=\"yiv8354084687class\">Un prefect \u015fi un subprefect, selecta\u0163i din r\u00e2ndul elevilor ie\u015feni, precum \u015fi al\u0163i 17 elevi participan\u0163i la concurs, vor lua parte la activit\u0103\u0163ile desf\u0103\u015furate \u00een cadrul institu\u0163iei pe data de 9 iunie. Astfel, elevii vor participa, al\u0103turi de conducerea Institu\u0163iei Prefectului, la o \u00eent\u00e2lnire cu un ambasador, la o \u015fedin\u0163\u0103 a Colegiului Prefectural \u015fi vor inspecta echipamentele de interven\u0163ie aflate la dispozi\u0163ia Inspectoratului Jude\u0163ean pentru Situa\u0163ii de Urgen\u0163\u0103 Ia\u015fi.<\/span><\/div>\n<div id=\"yiv8354084687yui_3_16_0_1_1433796429327_17041\" class=\"yiv8354084687class\" style=\"text-align: justify;\"><span id=\"yiv8354084687yui_3_16_0_1_1433796429327_17040\" class=\"yiv8354084687class\">\u201e<i id=\"yiv8354084687yui_3_16_0_1_1433796429327_17039\" class=\"yiv8354084687class\">De multe ori, \u00eentre realitate \u015fi percep\u0163ia public\u0103 exist\u0103 mari diferen\u0163e. M\u00e2ine, 19 tineri ie\u015feni vor avea prilejul de excep\u0163ie s\u0103 \u00eenceap\u0103 ziua cu ideea lor (despre func\u0163ia de prefect) \u015fi s\u0103 o \u00eencheie cu un bagaj de cuno\u015ftin\u0163e mult mai precis. Pentru doi dintre ei, va fi o experien\u0163\u0103 unic\u0103, aceea de a te confrunta direct cu responsabilit\u0103\u0163ile func\u0163iilor de prefect \u015fi subprefect. Vor trebui s\u0103 conduc\u0103 o \u015fedin\u0163\u0103, s\u0103 participe la o \u00eent\u00e2lnire oficial\u0103, s\u0103 ia decizii \u00een fa\u0163a cet\u0103\u0163eanului peti\u0163ionar \u015fi s\u0103 \u00een\u0163eleag\u0103 cum se gestioneaz\u0103 situa\u0163iile de urgen\u0163\u0103. Va fi o zi emo\u0163ionant\u0103 pentru toat\u0103 lumea<\/i>\u201d, a declarat prefectul <b class=\"yiv8354084687class\">Dan C\u00e2rlan<\/b>.<\/span><\/div>\n<div id=\"yui_3_16_0_1_1433827207494_8654\" class=\"yiv8354084687class\" style=\"text-align: justify;\"><span id=\"yui_3_16_0_1_1433827207494_8653\" class=\"yiv8354084687class\">Concursul jude\u0163ean de eseuri \u201ePrefect pentru o zi\u201d a fost organizat de c\u0103tre Institu\u0163ia Prefectului \u2013 jude\u0163ul Ia\u015fi, \u00een colaborare cu Inspectoratul \u015ecolar Jude\u0163ean Ia\u015fi, cu ocazia Zilei Interna\u0163ionale a Copilului. Elevii <b class=\"yiv8354084687class\">Valeriu \u0162urcanu (prefect pentru o zi)<\/b>, de la Liceul Pedagogic \u201cVasile Lupu\u201d, \u015fi <b class=\"yiv8354084687class\">Ana-Maria Mazilu (subprefect pentru o zi)<\/b>, de la Liceul Tehnologic Agricol \u201eM. Kog\u0103lniceanu\u201d Miroslava, au fost declara\u0163i c\u00e2\u015ftig\u0103tori de c\u0103tre o comisie de concurs organizat\u0103 la nivelul Inspectoratului \u015ecolar Jude\u021bean Ia\u0219i.<\/span><\/div>\n<div id=\"yui_3_16_0_1_1433827207494_8655\" class=\"yiv8354084687class\" style=\"text-align: justify;\"><span class=\"yiv8354084687class\">Toate activit\u0103\u0163ile zilei din programul anexat vor fi accesibile presei, cu excep\u0163ia programului desf\u0103\u015furat cu Excelen\u0163a Sa Doamna Boutheina Labidi, Ambasadorul Republicii Tunisiene \u00een Rom\u00e2nia.<\/span><\/div>\n<div id=\"yiv8354084687yui_3_16_0_1_1433796429327_16961\" style=\"text-align: justify;\"><\/div>\n<div id=\"yiv8354084687yui_3_16_0_1_1433796429327_16972\" class=\"yiv8354084687class\" dir=\"ltr\" style=\"text-align: justify;\"><span id=\"yiv8354084687yui_3_16_0_1_1433796429327_16971\" class=\"yiv8354084687class\">\u201eISJ Ia\u0219i sustine asemenea ini\u021biative care presupun un joc de rol cu reale valente educationale si sociale. Prin eseurile redactate unii elevi ieseni au demonstrat preocupare pentru evenimentele din judet, rolul institutiilor, relatia cetateanului cu functia publica. In acest fel crestem gradul de constietizare a tinerei generatii asupra rolurilor sociale sau politice din comunitatile in care traiesc. In acelasi timp institutia Prefectului va fi invitata sa reflecteze la sugestiile si opiniile tinerilor &#8211; adultii de maine care vor continua demersurile pentru o societate mai buna, mai responsabila, mai empatica cu aspiratiile si nevoile oamenilor.\u201d a precizat prof. dr. Camelia Gavril\u0103, Inspector \u0218colar General.\u00a0<\/span><\/div>\n","protected":false},"excerpt":{"rendered":"<p>Un prefect \u015fi un subprefect, selecta\u0163i din r\u00e2ndul elevilor ie\u015feni, precum \u015fi al\u0163i 17 elevi&#8230; <a class=\"meta-more\" href=\"https:\/\/infois.ro\/?p=17976\">more <span class=\"meta-nav\">&raquo;<\/span><\/a><\/p>\n","protected":false},"author":2,"featured_media":0,"comment_status":"open","ping_status":"closed","sticky":false,"template":"","format":"standard","meta":{"footnotes":""},"categories":[1,41],"tags":[74,362,40,313,1466],"aioseo_notices":[],"_links":{"self":[{"href":"https:\/\/infois.ro\/index.php?rest_route=\/wp\/v2\/posts\/17976"}],"collection":[{"href":"https:\/\/infois.ro\/index.php?rest_route=\/wp\/v2\/posts"}],"about":[{"href":"https:\/\/infois.ro\/index.php?rest_route=\/wp\/v2\/types\/post"}],"author":[{"embeddable":true,"href":"https:\/\/infois.ro\/index.php?rest_route=\/wp\/v2\/users\/2"}],"replies":[{"embeddable":true,"href":"https:\/\/infois.ro\/index.php?rest_route=%2Fwp%2Fv2%2Fcomments&post=17976"}],"version-history":[{"count":1,"href":"https:\/\/infois.ro\/index.php?rest_route=\/wp\/v2\/posts\/17976\/revisions"}],"predecessor-version":[{"id":17977,"href":"https:\/\/infois.ro\/index.php?rest_route=\/wp\/v2\/posts\/17976\/revisions\/17977"}],"wp:attachment":[{"href":"https:\/\/infois.ro\/index.php?rest_route=%2Fwp%2Fv2%2Fmedia&parent=17976"}],"wp:term":[{"taxonomy":"category","embeddable":true,"href":"https:\/\/infois.ro\/index.php?rest_route=%2Fwp%2Fv2%2Fcategories&post=17976"},{"taxonomy":"post_tag","embeddable":true,"href":"https:\/\/infois.ro\/index.php?rest_route=%2Fwp%2Fv2%2Ftags&post=17976"}],"curies":[{"name":"wp","href":"https:\/\/api.w.org\/{rel}","templated":true}]}}