{"id":18063,"date":"2015-06-12T20:24:07","date_gmt":"2015-06-12T17:24:07","guid":{"rendered":"http:\/\/infois.ro\/?p=18063"},"modified":"2015-06-12T20:24:07","modified_gmt":"2015-06-12T17:24:07","slug":"daniel-matasaru-noul-viceprimar-al-municipiului-iasi","status":"publish","type":"post","link":"https:\/\/infois.ro\/?p=18063","title":{"rendered":"Daniel M\u0103t\u0103saru, noul viceprimar al municipiului Ia\u0219i"},"content":{"rendered":"<p style=\"text-align: justify;\"><a href=\"http:\/\/infois.ro\/wp-content\/uploads\/2015\/06\/daniel-matasaru.jpg\"><img loading=\"lazy\" decoding=\"async\" class=\"alignleft  wp-image-18064\" src=\"http:\/\/infois.ro\/wp-content\/uploads\/2015\/06\/daniel-matasaru.jpg\" alt=\"daniel-matasaru\" width=\"283\" height=\"226\" srcset=\"https:\/\/infois.ro\/wp-content\/uploads\/2015\/06\/daniel-matasaru.jpg 600w, https:\/\/infois.ro\/wp-content\/uploads\/2015\/06\/daniel-matasaru-300x240.jpg 300w\" sizes=\"(max-width: 283px) 100vw, 283px\" \/><\/a><\/p>\n<p style=\"text-align: justify;\">\u00centruni\u021bi \u00een \u0219edin\u021b\u0103 extraordinar\u0103, consilierii locali ie\u0219eni au aprobat vineri, 12 iunie, numirea social democratului Daniel M\u0103t\u0103saru \u00een func\u021bia de viceprimar al municipiului Ia\u0219i, \u00een locul lui Mihai Chirica, pe perioada suspend\u0103rii din func\u021bia de primar a lui Gheorghe Nichita, cercetat de procurorii anticorup\u021bie \u00eentr-un dosar \u00een care acesta este acuzat de abuz \u00een serviciu. Daniel M\u0103t\u0103saru a ob\u021binut 16 dintre voturile exercitate de c\u0103tre consilierii locali, \u00een timp ce candidatul PNL, Marius Dang\u0103, nu a reu\u0219it s\u0103 adune dec\u00e2t \u0219ase voturi.\u201dLe mul\u0163umesc colegilor pentru \u00eencrederea acordat\u0103. \u00cen acest an, 2015, ultimul \u00een care putem absorbi fonduri europene, \u015fi \u00een care trebuie s\u0103 finaliz\u0103m toate \u015fantierele \u015fi proiectele la timp, cel mai important lucru este s\u0103 avem stabilitate\u201d, a declarat, imediat dup\u0103 instalrea \u00een func\u021bia de viceprimar al Ia\u0219ului, consilierul Daniel M\u0103t\u0103saru. \u00cen cadrul \u0219edin\u021bei extraordinare de vineri a CLM, consilierii locali ie\u0219eni au aprobat numirea lui Marius Dang\u0103 \u015fi a profesorului universitar doctor Daniel \u015eandru, pre\u0219edintele Senatului Univerist\u0103\u021bii \u201dPetre Andrei\u201d (UPA) din Ia\u0219i, ca membri ai forului de conducere al Funda\u0163iei Ia\u015fi \u2013 Capital\u0103 Cultural\u0103 European\u0103.<\/p>\n","protected":false},"excerpt":{"rendered":"<p>\u00centruni\u021bi \u00een \u0219edin\u021b\u0103 extraordinar\u0103, consilierii locali ie\u0219eni au aprobat vineri, 12 iunie, numirea social democratului&#8230; <a class=\"meta-more\" href=\"https:\/\/infois.ro\/?p=18063\">more <span class=\"meta-nav\">&raquo;<\/span><\/a><\/p>\n","protected":false},"author":2,"featured_media":18064,"comment_status":"open","ping_status":"closed","sticky":false,"template":"","format":"standard","meta":{"footnotes":""},"categories":[1,41],"tags":[74,7202,395,40,296],"aioseo_notices":[],"_links":{"self":[{"href":"https:\/\/infois.ro\/index.php?rest_route=\/wp\/v2\/posts\/18063"}],"collection":[{"href":"https:\/\/infois.ro\/index.php?rest_route=\/wp\/v2\/posts"}],"about":[{"href":"https:\/\/infois.ro\/index.php?rest_route=\/wp\/v2\/types\/post"}],"author":[{"embeddable":true,"href":"https:\/\/infois.ro\/index.php?rest_route=\/wp\/v2\/users\/2"}],"replies":[{"embeddable":true,"href":"https:\/\/infois.ro\/index.php?rest_route=%2Fwp%2Fv2%2Fcomments&post=18063"}],"version-history":[{"count":1,"href":"https:\/\/infois.ro\/index.php?rest_route=\/wp\/v2\/posts\/18063\/revisions"}],"predecessor-version":[{"id":18065,"href":"https:\/\/infois.ro\/index.php?rest_route=\/wp\/v2\/posts\/18063\/revisions\/18065"}],"wp:featuredmedia":[{"embeddable":true,"href":"https:\/\/infois.ro\/index.php?rest_route=\/wp\/v2\/media\/18064"}],"wp:attachment":[{"href":"https:\/\/infois.ro\/index.php?rest_route=%2Fwp%2Fv2%2Fmedia&parent=18063"}],"wp:term":[{"taxonomy":"category","embeddable":true,"href":"https:\/\/infois.ro\/index.php?rest_route=%2Fwp%2Fv2%2Fcategories&post=18063"},{"taxonomy":"post_tag","embeddable":true,"href":"https:\/\/infois.ro\/index.php?rest_route=%2Fwp%2Fv2%2Ftags&post=18063"}],"curies":[{"name":"wp","href":"https:\/\/api.w.org\/{rel}","templated":true}]}}