{"id":18099,"date":"2015-06-15T12:16:32","date_gmt":"2015-06-15T09:16:32","guid":{"rendered":"http:\/\/infois.ro\/?p=18099"},"modified":"2015-06-15T15:32:10","modified_gmt":"2015-06-15T12:32:10","slug":"campania-de-constientizare-o-viata-demna-pentru-fiecare-refuzam-abuzul-asupra-varstnicilor","status":"publish","type":"post","link":"https:\/\/infois.ro\/?p=18099","title":{"rendered":"Campania de con\u0219tientizare   \u201eO via\u021b\u0103 demn\u0103 pentru fiecare. Refuz\u0103m abuzul asupra v\u00e2rstnicilor\u201d"},"content":{"rendered":"<p style=\"text-align: justify;\"><a href=\"http:\/\/infois.ro\/wp-content\/uploads\/2015\/06\/batrani.jpg\"><img loading=\"lazy\" decoding=\"async\" class=\"alignleft  wp-image-18100\" src=\"http:\/\/infois.ro\/wp-content\/uploads\/2015\/06\/batrani.jpg\" alt=\"batrani\" width=\"351\" height=\"234\" srcset=\"https:\/\/infois.ro\/wp-content\/uploads\/2015\/06\/batrani.jpg 600w, https:\/\/infois.ro\/wp-content\/uploads\/2015\/06\/batrani-300x200.jpg 300w\" sizes=\"(max-width: 351px) 100vw, 351px\" \/><\/a><\/p>\n<p style=\"text-align: justify;\">Asocia\u021bia Psiterra anun\u021b\u0103 lansarea Campania de con\u0219tientizare &#8220;O via\u021b\u0103 demn\u0103 pentru fiecare. Refuz\u0103m abuzul asupra v\u00e2rstnicilor&#8221;, \u00een cadrul proiectului \u201eRefuz s\u0103 mai suport abuzul \u00een t\u0103cere\u201d.<\/p>\n<p style=\"text-align: justify;\">Campania debuteaz\u0103 cu evenimentul \u201eClopo\u021bel pentru Demnitate\u201d, organizat \u00een cadrul Zilei Mondiale a Con\u0219tientiz\u0103rii Abuzului asupra V\u00e2rstnicilor, luni, 15 iunie 2015, ora 16:00, \u00een Parcul Copou din Ia\u0219i.<\/p>\n<p style=\"text-align: justify;\">Cu acest prilej, participan\u021bii vor avea ocazia s\u0103 participe la realizarea conturului unui clopo\u021bel cu semnifica\u021bia con\u0219tientiz\u0103rii abuzului asupra v\u00e2rstnicilor \u0219i importan\u021bei respect\u0103rii \u0219i protej\u0103rii demnit\u0103\u021bii umane, indiferent de v\u00e2rst\u0103.<\/p>\n<p style=\"text-align: justify;\">\u00cen partea a doua va organizat\u0103 o dezbatere cu public facilitat\u0103 narativ \u00centalnirile Narative Psiterra \u2013 edi\u021bia a doua \u2013 cu \u00eencepere de la ora 18:00, \u00een Sala de Conferin\u021be Ferdinand a Rectoratului Universit\u0103\u021bii \u201eAlexandru Ioan Cuza\u201d din Ia\u0219i, Bulevardul Carol I nr. 11, Cl\u0103direa Palatului Universit\u0103\u021bii, Corp A.<\/p>\n<p style=\"text-align: justify;\">Temele \u00eent\u00e2lnirii:<\/p>\n<p style=\"text-align: justify;\">1 O poveste real\u0103: cercetarea informat\u0103 narativ<\/p>\n<p style=\"text-align: justify;\">2 Ageism \u0219i abuz. Unde \u00eencepe violen\u021ba?<\/p>\n<p style=\"text-align: justify;\">Participarea este deschis\u0103 publicului, intrarea este liber\u0103.<\/p>\n<p style=\"text-align: justify;\">Proiectul este finan\u021bat prin granturile SEE 2009-2014, \u00een cadrul Fondului ONG din Rom\u00e2nia. Valoarea finan\u021b\u0103rii estede 59.842,10 \u20ac. Proiectul este implementat \u00een perioada 02.04.2015 \u2013 30.04.2016.<\/p>\n<p style=\"text-align: justify;\">Organiza\u021biile partenere sunt: Spitalul Clinic \u201eDr. C. I. Parhon\u201d, Ia\u0219i; Facultatea de Psihologie \u0219i \u0218tiin\u021be ale Educa\u021biei de la Universitatea \u201eAlexandru Ioan Cuza\u201d din Ia\u0219i; Universitatea de Medicin\u0103 \u0219i Farmacie \u201eGr. T. Popa\u201d, Ia\u0219i; Societatea Medicilor Generali\u0219ti\/Medici de Familie, Ia\u0219i; Asocia\u021bia \u201eAproape de Oameni\u201d; Asocia\u021bia Everest.<\/p>\n<p style=\"text-align: justify;\">Obiectivul general al proiectului vizeaz\u0103 facilitarea accesului la servicii sociale \u015fi de baz\u0103 a persoanelor v\u00e2rstnice care au fost supu\u0219i abuzului din jude\u021bul Ia\u0219i.<\/p>\n<p style=\"text-align: justify;\">Activit\u0103\u021bile principale ale proiectului sunt:<\/p>\n<ol style=\"text-align: justify;\">\n<li>Implementarea \u00een cadrul Spitalului Clinic \u201eDr. C. I. Parhon\u201d a serviciului complementar de abordare multidisciplinar\u0103 a abuzului \u0219i oferirea serviciilor de asisten\u021b\u0103 psihologic\u0103, social\u0103, juridic\u0103, psihiatric\u0103 \u0219i spiritual\u0103 v\u00e2rstnicilor care au fost abuza\u021bi din jude\u021bul Ia\u0219i.<\/li>\n<li>Desf\u0103\u0219urarea programului de formare pe tema identific\u0103rii abuzului asupra v\u00e2rstnicilor pentru medici \u0219i asisten\u021bi medicali din jude\u021bul Ia\u0219i.<\/li>\n<li>Realizarea campaniei de informare \u0219i con\u0219tientizare a publicului din jude\u021bul Ia\u0219i fa\u021b\u0103 de problematica abuzului asupra v\u00e2rstnicilor.<\/li>\n<\/ol>\n<p style=\"text-align: justify;\">Grupul \u021bint\u0103 \u0219i beneficiarii viza\u021bi de proiect sunt: 150 de persoane v\u00e2rstnice internate \u00een Spitalul Clinic \u201eDr. C. I. Parhon\u201d (\u00een urma evalu\u0103rii psihologice ini\u021biale 100 vor beneficia de serviciul complementar de abordare multidisciplinar\u0103 a abuzului), 160 de cadre medicale care lucreaz\u0103 cu persoane v\u00e2rstnice, 500 de persoane v\u00e2rstnice din comunitate, 3000 de persoane din popula\u021bia jude\u021bului Ia\u0219i, 50 de membri de familie a\u00a0 persoanelor v\u00e2rstnice din grupul \u021bint\u0103, 60 de studen\u021bi ai Facult\u0103\u021bii de Psihologie \u0219i \u0218tiin\u021be ale Educa\u021biei, Universitatea \u201eAlexandru Ioan Cuza\u201d din Ia\u0219i.<a href=\"http:\/\/infois.ro\/wp-content\/uploads\/2015\/06\/psiterra.jpg\"><img loading=\"lazy\" decoding=\"async\" class=\"alignleft  wp-image-18101\" src=\"http:\/\/infois.ro\/wp-content\/uploads\/2015\/06\/psiterra.jpg\" alt=\"psiterra\" width=\"551\" height=\"113\" srcset=\"https:\/\/infois.ro\/wp-content\/uploads\/2015\/06\/psiterra.jpg 600w, https:\/\/infois.ro\/wp-content\/uploads\/2015\/06\/psiterra-300x61.jpg 300w\" sizes=\"(max-width: 551px) 100vw, 551px\" \/><\/a><\/p>\n<p style=\"text-align: justify;\">Proiectul urm\u0103re\u0219te cre\u0219terea accesului la serviciile sociale \u0219i de baz\u0103 pentru persoanele v\u00e2rstnice care au fost supu\u0219i abuzului, cre\u0219terea capacit\u0103\u021bii cadrelor medicale de a identifica \u0219i referi cazurile de abuz asupra v\u00e2rstnicilor \u0219i cre\u0219terea capacit\u0103\u021bii Asocia\u021biei Psiterra de furnizare a serviciilor sociale \u0219i de baz\u0103.<\/p>\n<p>Pentru informa\u0163ii oficiale despre granturile SEE \u015fi norvegiene, accesa\u0163i: <a href=\"http:\/\/www.eeagrants.org\/\">\u00a0www.eeagrants.org<\/a> . Vizitati \u0219i www.fondong.fdsc.ro<\/p>\n","protected":false},"excerpt":{"rendered":"<p>Asocia\u021bia Psiterra anun\u021b\u0103 lansarea Campania de con\u0219tientizare &#8220;O via\u021b\u0103 demn\u0103 pentru fiecare. Refuz\u0103m abuzul asupra&#8230; <a class=\"meta-more\" href=\"https:\/\/infois.ro\/?p=18099\">more <span class=\"meta-nav\">&raquo;<\/span><\/a><\/p>\n","protected":false},"author":2,"featured_media":18100,"comment_status":"open","ping_status":"closed","sticky":false,"template":"","format":"standard","meta":{"footnotes":""},"categories":[41,32],"tags":[74,3515,395,5075,40,3112,7209],"aioseo_notices":[],"_links":{"self":[{"href":"https:\/\/infois.ro\/index.php?rest_route=\/wp\/v2\/posts\/18099"}],"collection":[{"href":"https:\/\/infois.ro\/index.php?rest_route=\/wp\/v2\/posts"}],"about":[{"href":"https:\/\/infois.ro\/index.php?rest_route=\/wp\/v2\/types\/post"}],"author":[{"embeddable":true,"href":"https:\/\/infois.ro\/index.php?rest_route=\/wp\/v2\/users\/2"}],"replies":[{"embeddable":true,"href":"https:\/\/infois.ro\/index.php?rest_route=%2Fwp%2Fv2%2Fcomments&post=18099"}],"version-history":[{"count":3,"href":"https:\/\/infois.ro\/index.php?rest_route=\/wp\/v2\/posts\/18099\/revisions"}],"predecessor-version":[{"id":18104,"href":"https:\/\/infois.ro\/index.php?rest_route=\/wp\/v2\/posts\/18099\/revisions\/18104"}],"wp:featuredmedia":[{"embeddable":true,"href":"https:\/\/infois.ro\/index.php?rest_route=\/wp\/v2\/media\/18100"}],"wp:attachment":[{"href":"https:\/\/infois.ro\/index.php?rest_route=%2Fwp%2Fv2%2Fmedia&parent=18099"}],"wp:term":[{"taxonomy":"category","embeddable":true,"href":"https:\/\/infois.ro\/index.php?rest_route=%2Fwp%2Fv2%2Fcategories&post=18099"},{"taxonomy":"post_tag","embeddable":true,"href":"https:\/\/infois.ro\/index.php?rest_route=%2Fwp%2Fv2%2Ftags&post=18099"}],"curies":[{"name":"wp","href":"https:\/\/api.w.org\/{rel}","templated":true}]}}