{"id":18223,"date":"2015-06-21T17:18:22","date_gmt":"2015-06-21T14:18:22","guid":{"rendered":"http:\/\/infois.ro\/?p=18223"},"modified":"2015-06-21T17:18:22","modified_gmt":"2015-06-21T14:18:22","slug":"marius-danga-pnl-mihai-chirica-vrea-sa-indatoreze-iesenii-prin-contractarea-unui-nou-credit-in-valoare-de-20-de-milioane-de-euro","status":"publish","type":"post","link":"https:\/\/infois.ro\/?p=18223","title":{"rendered":"Marius Dang\u0103 (PNL): Mihai Chirica vrea s\u0103 \u00eendatoreze ie\u0219enii, prin contractarea unui nou credit \u00een valoare de 20 de milioane de euro"},"content":{"rendered":"<p style=\"text-align: justify;\"><a href=\"http:\/\/infois.ro\/wp-content\/uploads\/2015\/06\/danga-chirica.jpg\"><img loading=\"lazy\" decoding=\"async\" class=\"alignleft  wp-image-18224\" src=\"http:\/\/infois.ro\/wp-content\/uploads\/2015\/06\/danga-chirica.jpg\" alt=\"danga-chirica\" width=\"424\" height=\"265\" srcset=\"https:\/\/infois.ro\/wp-content\/uploads\/2015\/06\/danga-chirica.jpg 600w, https:\/\/infois.ro\/wp-content\/uploads\/2015\/06\/danga-chirica-300x187.jpg 300w\" sizes=\"(max-width: 424px) 100vw, 424px\" \/><\/a><\/p>\n<p style=\"text-align: justify;\">Marius Dang\u0103, liderul grupului consilierilor liberali din Consiliul Local al Municipiului (CLM) Ia\u0219i, \u00eei cere demisia primarului interimar Mihai Chirica, pe care-l acuz\u0103 c\u0103 \u00een loc s\u0103 fac\u0103 demersurile necesare pentru achizi\u021bionarea de mijloace de transport \u00een comun noi pentru Regia Autonom\u0103 de Transport Public (RATP) cu fondurile nerambursabile puse la dispozi\u021bie de Uniunea European\u0103, prefer\u0103 s\u0103 contracteze, \u00een numele municipalit\u0103\u021bii, un credit extern \u00een valoare de 20 de milioane de euro, care s\u0103 \u00eendatoreze popula\u021bia pentru ani buni de aici \u00eencolo.\u00a0 \u201dCea mai arz\u0103toare problem\u0103 a ie\u0219enilor, transportul public, este tratat\u0103 \u00een b\u0103\u0219c\u0103lie de dl. Mihai Chirica. Din p\u0103cate, aceast\u0103 b\u0103\u0219c\u0103lie \u0219i iresponsabilitate este pl\u0103tit\u0103 scump de ie\u0219eni: 20 milioane de euro. Ace\u0219tia bani, pe care Prim\u0103ria vrea s\u0103 \u00eei \u00eemprumute, vor trebui pl\u0103ti\u021bi din taxele \u0219i impozitele fiec\u0103rui ie\u0219ean. Este absurd,\u00a0 \u00een condi\u021biile \u00een care Uniunea European\u0103 pune la dispozi\u021bie fonduri pentru modernizarea transportului public\u201d, afirm\u0103 Marius Dang\u0103, \u00eentr-un comunicat de pres\u0103. Potrivit acestuia, Ghidul general POR 2014-2020 prevede ca obligatorie existen\u021ba unei Strategii integrate de dezvoltare urban\u0103, a unui Plan de mobilitate urban\u0103 durabil\u0103, abordarea solu\u0163iilor de transport \u00een mod unitar la nivel de municipiu \u015fi Zon\u0103 Metropolitan\u0103, ca \u015fi delegarea gestiunii serviciului de transport \u00een baza Regulamentului 1370\/2007, adoptat de Parlamentul European. \u201d\u00cen loc s\u0103 \u00ee\u0219i ocupe timpul util, rezolv\u00e2nd aceste probleme, dl. Mihai Chirica se dovede\u0219te a fi copia fidel\u0103 a na\u0219ului s\u0103u politic, Gheorghe Nichita: plin de arogan\u021b\u0103, f\u0103r\u0103 o minim\u0103 cultur\u0103 a dialogului \u0219i f\u0103r\u0103 idei. Cu el \u00een fruntea Prim\u0103riei, ie\u0219enii sunt condamna\u021bi s\u0103 pl\u0103teasc\u0103 din buzunarele lor \u00eemprumuturi care vor amaneta viitorul ora\u0219ului, \u00een loc s\u0103 fie absorbite fondurile nerambursabile de la UE\u201d, precizeaz\u0103 Marius Dang\u0103. \u00centr-o conferin\u021b\u0103 de pres\u0103, pe care a organizat-o la sf\u00e2r\u0219itul s\u0103pt\u0103m\u00e2nii trecute, liderul grupului consilierilor liberali din CLM Ia\u0219i a atras aten\u021bia Executivului Prim\u0103riei c\u0103 pe 30 iunie 2015 expir\u0103 contractul de delegare a gestiunii serviciului de transport public local \u00een municipiu, ie\u0219enii risc\u00e2nd astfel ca, \u00eencep\u00e2nd cu aceast\u0103 dat\u0103 s\u0103 nu mai poat\u0103 beneficia de transportul \u00een comun cu tramvaiele \u0219i autobuzele. Potrivit acestuia, imposibilitatea \u00eencheierii unui nou contract de delegare a gestiunii serviciului public de transport \u00een municipiu ar putea avea consecin\u021be grave \u00een ceea ce prive\u0219te \u0219ansele ca Ia\u0219iul s\u0103 poat\u0103 atrage fonduri europene nerambursabile \u00een exerci\u021biul financiar 2014-2020 al UE, necesare pentru \u00eennoirea parcului de mijloace de transport (tramvaie \u0219i autobuze) al RATP. \u00cen replic\u0103 la afirma\u021biile lui Marius Dang\u0103, primarul interimar Mihai Chirica a declarat c\u0103 \u00een acest moment nu exist\u0103 niciun pericol \u00een ceea ce prive\u0219te \u00eencetarea activit\u0103\u021bii RATP \u00eencep\u00e2nd cu data de 30 iunie, ca urmare a expir\u0103rii contractului de delegare a serviciului public de transport \u00een municipiu. \u201c\u00cen document nu exist\u0103 nicio referin\u021b\u0103 referitoare la\u00a0\u00a0durata de \u00eencetare a acestui contract\u201d, a precizat primarul interimar al Ia\u0219ului, care a dat asigur\u0103ri c\u0103 popula\u021bia nu va avea de suferit \u00een niciun fel \u00een ceea ce prive\u0219te asigurarea transportului \u00een comun \u00een municipiu, dup\u0103 data de 30 iunie.<\/p>\n","protected":false},"excerpt":{"rendered":"<p>Marius Dang\u0103, liderul grupului consilierilor liberali din Consiliul Local al Municipiului (CLM) Ia\u0219i, \u00eei cere&#8230; <a class=\"meta-more\" href=\"https:\/\/infois.ro\/?p=18223\">more <span class=\"meta-nav\">&raquo;<\/span><\/a><\/p>\n","protected":false},"author":2,"featured_media":18224,"comment_status":"open","ping_status":"closed","sticky":false,"template":"","format":"standard","meta":{"footnotes":""},"categories":[1,41],"tags":[74,5121,3791,2681,40,982],"aioseo_notices":[],"_links":{"self":[{"href":"https:\/\/infois.ro\/index.php?rest_route=\/wp\/v2\/posts\/18223"}],"collection":[{"href":"https:\/\/infois.ro\/index.php?rest_route=\/wp\/v2\/posts"}],"about":[{"href":"https:\/\/infois.ro\/index.php?rest_route=\/wp\/v2\/types\/post"}],"author":[{"embeddable":true,"href":"https:\/\/infois.ro\/index.php?rest_route=\/wp\/v2\/users\/2"}],"replies":[{"embeddable":true,"href":"https:\/\/infois.ro\/index.php?rest_route=%2Fwp%2Fv2%2Fcomments&post=18223"}],"version-history":[{"count":1,"href":"https:\/\/infois.ro\/index.php?rest_route=\/wp\/v2\/posts\/18223\/revisions"}],"predecessor-version":[{"id":18225,"href":"https:\/\/infois.ro\/index.php?rest_route=\/wp\/v2\/posts\/18223\/revisions\/18225"}],"wp:featuredmedia":[{"embeddable":true,"href":"https:\/\/infois.ro\/index.php?rest_route=\/wp\/v2\/media\/18224"}],"wp:attachment":[{"href":"https:\/\/infois.ro\/index.php?rest_route=%2Fwp%2Fv2%2Fmedia&parent=18223"}],"wp:term":[{"taxonomy":"category","embeddable":true,"href":"https:\/\/infois.ro\/index.php?rest_route=%2Fwp%2Fv2%2Fcategories&post=18223"},{"taxonomy":"post_tag","embeddable":true,"href":"https:\/\/infois.ro\/index.php?rest_route=%2Fwp%2Fv2%2Ftags&post=18223"}],"curies":[{"name":"wp","href":"https:\/\/api.w.org\/{rel}","templated":true}]}}