{"id":1830,"date":"2012-09-23T14:24:21","date_gmt":"2012-09-23T11:24:21","guid":{"rendered":"http:\/\/infois.ro\/?p=1830"},"modified":"2012-09-23T14:24:21","modified_gmt":"2012-09-23T11:24:21","slug":"au-inceput-pregatirile-pentru-editia-din-acest-an-a-sarbatorilor-iasilor","status":"publish","type":"post","link":"https:\/\/infois.ro\/?p=1830","title":{"rendered":"Au \u00eenceput preg\u0103tirile pentru edi\u021bia din acest an a \u201dS\u0103rb\u0103torilor Ia\u0219ilor\u201d"},"content":{"rendered":"<p style=\"text-align: justify;\"><a class=\"highslide\" onclick=\"return vz.expand(this)\" href=\"http:\/\/infois.ro\/wp-content\/uploads\/2012\/09\/pregatiri-de-sarbatori-2012.jpg\"><img loading=\"lazy\" decoding=\"async\" class=\"alignnone size-medium wp-image-1831\" title=\"pregatiri de sarbatori 2012\" src=\"http:\/\/infois.ro\/wp-content\/uploads\/cache\/2012\/09\/pregatiri-de-sarbatori-2012\/2104143880.jpg\" alt=\"\" width=\"300\" height=\"187\" \/><\/a><\/p>\n<p style=\"text-align: justify;\">Reprezentan\u021bii municipalit\u0103\u021bii au intrat \u00een febra preg\u0103tirilor edi\u021biei din acest an a \u201dS\u0103rb\u0103torilor Ia\u0219ilor\u201d, manifestare programat\u0103 \u00een perioada 7-14 octombrie. Din cauza numeroaselor \u0219antiere deschise \u00een acest moment \u00een ora\u0219, autorit\u0103\u021bile locale au fost nevoite s\u0103 adapteze organizarea unor evenimente tradi\u021bionale incluse \u00een cadrul \u201dS\u0103rb\u0103torilor Ia\u0219ilor\u201d noilor condi\u021bii. Astfel, fa\u021b\u0103 de edi\u021biile din anii anteriori, \u201dFestivalul Viei \u0219i Vinului\u201d nu va mai mai avea loc\u00a0 pe esplanada din fa\u021ba Halei Centrale, acesta urm\u00e2nd s\u0103 fie mutat pe malul Bahluiului, mai precis pe strada Splai Bahlui St\u00e2ng, pe tronsonul cuprins \u00eentre Podu Ro\u0219 \u0219i Podul de Piatr\u0103. \u201d\u00cen ceea ce prive\u0219te celelalte t\u00e2rguri, care sunt organizate \u00een fiecare an \u00een cadrul S\u0103rb\u0103torilor Ia\u0219ilor, acestea se vor desf\u0103\u0219ura, ca \u0219i p\u00e2n\u0103 acum, pe vechile amplasamente. De exemplu, T\u00e2rgul de Artizanat se va desf\u0103\u015fura pe trotuarul drept al str\u0103zii Palat, pe sensul de cobor\u00e2re \u00eenspre Podu Ro\u015f, T\u00e2rgul de haine \u0219i de c\u0103ciuli\u00a0va avea loc pe strada Costache Negri, \u00een spatele Halei Centrale, \u00een timp ce, pentru comercian\u021bii de obiecte religioase, municipalitatea le-a pus acestora la dispozi\u021bie o parte din Bulevardul \u0218tefan cel Mare \u0219i Sf\u00e2nt\u201d, a declarat viceprimarul Mihai Chirica, care a ad\u0103ugat c\u0103 \u201dParcul Distrac\u021biei\u201d va fi amplasat, la fel ca anul trecut, pe strada Sarmisegetuza, din cartierul Alexandru cel Bun. \u00cen prezent, lucr\u0103torii de la Citadin lucreaz\u0103 la preg\u0103tirea \u00a0turn\u0103rii stratului de uzur\u0103 pe respectiva arter\u0103 de circula\u021bie, urm\u00e2nd ca p\u00e2n\u0103 la sf\u00e2r\u0219itul s\u0103pt\u0103m\u00e2nii s\u0103 fie turnat \u0219i ultimul strat de asfalt. Viceprimarul Mihai Chirica a precizat c\u0103 programul complet \u0219i bugetul manifest\u0103rilor din acest an incluse \u00een cadrul \u201dS\u0103rb\u0103torilor Ia\u0219ilor\u201d va fi aprobat \u00een cadrul urm\u0103toarei \u0219edin\u021be a Consiliului Local Municipal (CLM). Anul trecut, Prim\u0103ria a alocat de la bugetul local suma de un milion de lei pentru organizarea \u201dS\u0103rb\u0103torilor Ia\u0219ilor\u201d.<\/p>\n","protected":false},"excerpt":{"rendered":"<p>Reprezentan\u021bii municipalit\u0103\u021bii au intrat \u00een febra preg\u0103tirilor edi\u021biei din acest an a \u201dS\u0103rb\u0103torilor Ia\u0219ilor\u201d, manifestare&#8230; <a class=\"meta-more\" href=\"https:\/\/infois.ro\/?p=1830\">more <span class=\"meta-nav\">&raquo;<\/span><\/a><\/p>\n","protected":false},"author":2,"featured_media":1831,"comment_status":"open","ping_status":"open","sticky":false,"template":"","format":"standard","meta":{"footnotes":""},"categories":[1,41],"tags":[74,477,840],"aioseo_notices":[],"_links":{"self":[{"href":"https:\/\/infois.ro\/index.php?rest_route=\/wp\/v2\/posts\/1830"}],"collection":[{"href":"https:\/\/infois.ro\/index.php?rest_route=\/wp\/v2\/posts"}],"about":[{"href":"https:\/\/infois.ro\/index.php?rest_route=\/wp\/v2\/types\/post"}],"author":[{"embeddable":true,"href":"https:\/\/infois.ro\/index.php?rest_route=\/wp\/v2\/users\/2"}],"replies":[{"embeddable":true,"href":"https:\/\/infois.ro\/index.php?rest_route=%2Fwp%2Fv2%2Fcomments&post=1830"}],"version-history":[{"count":1,"href":"https:\/\/infois.ro\/index.php?rest_route=\/wp\/v2\/posts\/1830\/revisions"}],"predecessor-version":[{"id":1832,"href":"https:\/\/infois.ro\/index.php?rest_route=\/wp\/v2\/posts\/1830\/revisions\/1832"}],"wp:featuredmedia":[{"embeddable":true,"href":"https:\/\/infois.ro\/index.php?rest_route=\/wp\/v2\/media\/1831"}],"wp:attachment":[{"href":"https:\/\/infois.ro\/index.php?rest_route=%2Fwp%2Fv2%2Fmedia&parent=1830"}],"wp:term":[{"taxonomy":"category","embeddable":true,"href":"https:\/\/infois.ro\/index.php?rest_route=%2Fwp%2Fv2%2Fcategories&post=1830"},{"taxonomy":"post_tag","embeddable":true,"href":"https:\/\/infois.ro\/index.php?rest_route=%2Fwp%2Fv2%2Ftags&post=1830"}],"curies":[{"name":"wp","href":"https:\/\/api.w.org\/{rel}","templated":true}]}}