{"id":18414,"date":"2015-07-01T17:58:32","date_gmt":"2015-07-01T14:58:32","guid":{"rendered":"http:\/\/infois.ro\/?p=18414"},"modified":"2015-07-01T17:58:32","modified_gmt":"2015-07-01T14:58:32","slug":"clm-a-aprobat-prelungirea-contractului-de-delegare-a-gestiunii-serviciului-de-transport-public","status":"publish","type":"post","link":"https:\/\/infois.ro\/?p=18414","title":{"rendered":"CLM a aprobat prelungirea contractului de delegare a gestiunii serviciului de transport public"},"content":{"rendered":"<p style=\"text-align: justify;\"><a href=\"http:\/\/infois.ro\/wp-content\/uploads\/2015\/07\/transport-public.jpg\"><img loading=\"lazy\" decoding=\"async\" class=\"alignleft  wp-image-18415\" src=\"http:\/\/infois.ro\/wp-content\/uploads\/2015\/07\/transport-public.jpg\" alt=\"transport-public\" width=\"298\" height=\"186\" srcset=\"https:\/\/infois.ro\/wp-content\/uploads\/2015\/07\/transport-public.jpg 600w, https:\/\/infois.ro\/wp-content\/uploads\/2015\/07\/transport-public-300x187.jpg 300w\" sizes=\"(max-width: 298px) 100vw, 298px\" \/><\/a><\/p>\n<p style=\"text-align: justify;\">\u00centruni\u021bi \u00een \u0219edin\u021b\u0103 ordinar\u0103, consilierii locali ie\u0219eni au aprobat mar\u021bi, 30 iunie, cu 18 voturi pentru, patru ab\u021bineri \u0219i un vot \u00eempotriv\u0103, prelungirea cu \u00eenc\u0103 cinci ani a contractului de delegare a gestiunii transportului public \u00een municipiu, \u00eencheiat \u00eentre Prim\u0103rie \u0219i Regia Autonom\u0103 de Transport Public (RATP). Documentul, care a fost semnat \u00een anul 2005, urma s\u0103-\u0219i \u00eenceteze valabilitatea la sf\u00e2r\u0219itul lunii iunie 2015. Consilierii locali liberali nu au fost de acord cu prelungirea cu \u00eenc\u0103 cinci ani a contractului, ei propun\u00e2nd un termen maxim de doi ani, perioad\u0103 \u00een care, au sus\u021binut ace\u0219tia, Prim\u0103ria s\u0103 poat\u0103 preg\u0103ti delegarea serviciului \u00een baza Regulamentului nr. 1.370\/2007 al Parlamentului European, \u00een interiorul exerci\u021biului financiar 2014-2020. Propunerea liberalilor a fost respins\u0103 de plenul CLM, care \u00een final\u00a0 aprobat prelungirea cu \u00eenc\u0103 cinci ani a contractului de delegare a serviciului public de transport \u00een comun, potrivit prevederilor UE. \u201d Prin aceast\u0103 decizie, PSD a ales s\u0103-i protejeze pe cei responsabili de falimentul RATP de furia creditorilor, sacrific\u00e2nd oportunitatea istoric\u0103 de a moderniza serviciului de transport public de c\u0103l\u0103tori din fonduri nerambursabile. Aceast\u0103 decizie este una iresponsabil\u0103 fa\u021b\u0103 de cet\u0103\u021benii municipiului Ia\u0219i \u0219i trebuie s\u0103 conduc\u0103 la demisia tuturor celor care au contribuit la aceast\u0103 situa\u021bie. O majoritate format\u0103 din consilierii PSD, la care s-au ad\u0103ugat \u0219i independen\u021bii, au decis ast\u0103zi (mar\u021bi, n.r.) ca Ia\u0219iul s\u0103 nu poat\u0103 depune proiecte pentru achizi\u021bionarea de noi mijloace de transport \u00een comun \u0219i pentru modernizarea parcului auto al regiei locale de transport \u00een comun, \u00een exerci\u021biul financiar 2014-2020 al Uniunii Europene. Asta \u00eenseamn\u0103 prelungirea cu \u00eenc\u0103 cinci ani a contractului de delegare a gestiunii transportului \u00een comun c\u0103tre RATP. Din p\u0103cate, nu cred c\u0103 cei de la PSD au \u00een\u021beles ce au votat. PNL a propus prelungirea acestui contract pentru \u00eenc\u0103 cel mult doi ani, perioad\u0103 \u00een care municipalitatea ar fi avut timp s\u0103 preg\u0103teasc\u0103 documenta\u021bia necesar\u0103 \u00een vederea acces\u0103rii banilor europeni nerambursabili pentru achizi\u021bionarea de noi mijloace de transport \u00een comun\u201d, a declarat Marius Dang\u0103, liderul consilierilor liberali din CLM Ia\u0219i. Acesta a mai anun\u021bat c\u0103 grupul consilierilor PNL din Consiliul Local al Municipiului (CLM) Ia\u0219i studiaz\u0103 posibilitatea atac\u0103rii acestei decizii \u00een contenciosul administrativ \u0219i declan\u0219area unei ample dezbateri publice pe aceast\u0103 tem\u0103.<\/p>\n","protected":false},"excerpt":{"rendered":"<p>\u00centruni\u021bi \u00een \u0219edin\u021b\u0103 ordinar\u0103, consilierii locali ie\u0219eni au aprobat mar\u021bi, 30 iunie, cu 18 voturi&#8230; <a class=\"meta-more\" href=\"https:\/\/infois.ro\/?p=18414\">more <span class=\"meta-nav\">&raquo;<\/span><\/a><\/p>\n","protected":false},"author":2,"featured_media":18415,"comment_status":"open","ping_status":"closed","sticky":false,"template":"","format":"standard","meta":{"footnotes":""},"categories":[1,41],"tags":[74,3905,1841,6783,40,982],"aioseo_notices":[],"_links":{"self":[{"href":"https:\/\/infois.ro\/index.php?rest_route=\/wp\/v2\/posts\/18414"}],"collection":[{"href":"https:\/\/infois.ro\/index.php?rest_route=\/wp\/v2\/posts"}],"about":[{"href":"https:\/\/infois.ro\/index.php?rest_route=\/wp\/v2\/types\/post"}],"author":[{"embeddable":true,"href":"https:\/\/infois.ro\/index.php?rest_route=\/wp\/v2\/users\/2"}],"replies":[{"embeddable":true,"href":"https:\/\/infois.ro\/index.php?rest_route=%2Fwp%2Fv2%2Fcomments&post=18414"}],"version-history":[{"count":1,"href":"https:\/\/infois.ro\/index.php?rest_route=\/wp\/v2\/posts\/18414\/revisions"}],"predecessor-version":[{"id":18416,"href":"https:\/\/infois.ro\/index.php?rest_route=\/wp\/v2\/posts\/18414\/revisions\/18416"}],"wp:featuredmedia":[{"embeddable":true,"href":"https:\/\/infois.ro\/index.php?rest_route=\/wp\/v2\/media\/18415"}],"wp:attachment":[{"href":"https:\/\/infois.ro\/index.php?rest_route=%2Fwp%2Fv2%2Fmedia&parent=18414"}],"wp:term":[{"taxonomy":"category","embeddable":true,"href":"https:\/\/infois.ro\/index.php?rest_route=%2Fwp%2Fv2%2Fcategories&post=18414"},{"taxonomy":"post_tag","embeddable":true,"href":"https:\/\/infois.ro\/index.php?rest_route=%2Fwp%2Fv2%2Ftags&post=18414"}],"curies":[{"name":"wp","href":"https:\/\/api.w.org\/{rel}","templated":true}]}}