{"id":18420,"date":"2015-06-29T18:02:27","date_gmt":"2015-06-29T15:02:27","guid":{"rendered":"http:\/\/infois.ro\/?p=18420"},"modified":"2015-07-01T18:05:53","modified_gmt":"2015-07-01T15:05:53","slug":"ratp-va-gestiona-transportul-public-in-oras-inca-cinci-ani","status":"publish","type":"post","link":"https:\/\/infois.ro\/?p=18420","title":{"rendered":"RATP va gestiona transportul public \u00een ora\u0219 \u00eenc\u0103 cinci ani"},"content":{"rendered":"<p style=\"text-align: justify;\"><a href=\"http:\/\/infois.ro\/wp-content\/uploads\/2015\/07\/ratp.jpg\"><img loading=\"lazy\" decoding=\"async\" class=\"alignleft  wp-image-18421\" src=\"http:\/\/infois.ro\/wp-content\/uploads\/2015\/07\/ratp.jpg\" alt=\"ratp\" width=\"395\" height=\"247\" srcset=\"https:\/\/infois.ro\/wp-content\/uploads\/2015\/07\/ratp.jpg 600w, https:\/\/infois.ro\/wp-content\/uploads\/2015\/07\/ratp-300x187.jpg 300w\" sizes=\"(max-width: 395px) 100vw, 395px\" \/><\/a><\/p>\n<p style=\"text-align: justify;\">Transportul public \u00een municipiului Ia\u0219i va fi gestionat \u00een urm\u0103torii cinci ani tot de c\u0103tre Regia Autonom\u0103 de Transport Public (RATP), asta \u00een ciuda faptului c\u0103 pe 30 iunie expir\u0103 contractul de delegare a gestiunii, \u00eencheiat \u00een anul 2014 \u00eentre regie \u0219i Prim\u0103rie. Anun\u021bul a fost f\u0103cut luni, 29 iunie, \u00eentr-o conferin\u021b\u0103 de pres\u0103, sus\u021binut\u0103 la Palatul Roznovanu, de primarul interimar Mihai Chirica. Acesta a r\u0103spuns, astfel, apelului lansat \u00een urm\u0103 cu dou\u0103 s\u0103pt\u0103m\u00e2ni de Marius Dang\u0103, liderul grupului consilierilor liberali din Consiliul Local al Municipiului (CLM) Ia\u0219i, care tr\u0103gea un semnal de alarm\u0103 \u00een leg\u0103tur\u0103 cu aceast\u0103 situa\u021bie care, \u00een opinia sa, ar putea conduce, \u00een final, la imposibilitatea continu\u0103rii activit\u0103\u021bii de c\u0103tre regia local\u0103 de transport \u00een comun.\u00a0 \u201cTrebuie s\u0103 lu\u0103m \u00een calcul regulamentul european care exist\u0103 \u00een momentul de fa\u021b\u0103 \u0219i care trebuie transpus \u00een mod obligatoriu \u0219i \u00een legisla\u021bia rom\u00e2neasc\u0103. Potriivt regulamantului European \u00een vigoare, contractele de concesiune pentru transportul public \u00een marile ora\u0219e are o valabilitae de 15 ani de la data semn\u0103rii, acest lucru \u00eensemn\u00e2nd c\u0103 actualul contract semnat de Prim\u0103rie cu RATP \u00een anul 2005, se va prelungi cu \u00eenc\u0103 cinci ani\u201d, a declarat Mihai Chirica. Edilul a men\u021bionat c\u0103, \u00een ultimii ani, situa\u021bia Regiei Autonome de Transport Public Ia\u0219i s-a \u00eembun\u0103t\u0103\u021bit din punct de vedere finanaciar, unitatea \u00eenregistr\u00e2nd chiar un u\u0219or profit \u00een ultimele \u0219ase luni\u201d, a precizat Mihai Chirica. \u00cen ceea ce prive\u0219te propunerea \u00eenfiin\u021b\u0103rii Companiei de Transport Public (CTP), care ar fi urmat s\u0103 ia locul actualei RATP, primarul interimar a spus c\u0103 ideea nu mai prezint\u0103 \u00een acest moment interes, av\u00e2nd \u00een vedere redresarea din punct de vedere financiar a unit\u0103\u021bii \u0219i prelungirea contractului de gestiune semnat cu municipalitatea.<\/p>\n","protected":false},"excerpt":{"rendered":"<p>Transportul public \u00een municipiului Ia\u0219i va fi gestionat \u00een urm\u0103torii cinci ani tot de c\u0103tre&#8230; <a class=\"meta-more\" href=\"https:\/\/infois.ro\/?p=18420\">more <span class=\"meta-nav\">&raquo;<\/span><\/a><\/p>\n","protected":false},"author":2,"featured_media":18421,"comment_status":"open","ping_status":"closed","sticky":false,"template":"","format":"standard","meta":{"footnotes":""},"categories":[1],"tags":[3905,6783,40,296,982],"aioseo_notices":[],"_links":{"self":[{"href":"https:\/\/infois.ro\/index.php?rest_route=\/wp\/v2\/posts\/18420"}],"collection":[{"href":"https:\/\/infois.ro\/index.php?rest_route=\/wp\/v2\/posts"}],"about":[{"href":"https:\/\/infois.ro\/index.php?rest_route=\/wp\/v2\/types\/post"}],"author":[{"embeddable":true,"href":"https:\/\/infois.ro\/index.php?rest_route=\/wp\/v2\/users\/2"}],"replies":[{"embeddable":true,"href":"https:\/\/infois.ro\/index.php?rest_route=%2Fwp%2Fv2%2Fcomments&post=18420"}],"version-history":[{"count":1,"href":"https:\/\/infois.ro\/index.php?rest_route=\/wp\/v2\/posts\/18420\/revisions"}],"predecessor-version":[{"id":18422,"href":"https:\/\/infois.ro\/index.php?rest_route=\/wp\/v2\/posts\/18420\/revisions\/18422"}],"wp:featuredmedia":[{"embeddable":true,"href":"https:\/\/infois.ro\/index.php?rest_route=\/wp\/v2\/media\/18421"}],"wp:attachment":[{"href":"https:\/\/infois.ro\/index.php?rest_route=%2Fwp%2Fv2%2Fmedia&parent=18420"}],"wp:term":[{"taxonomy":"category","embeddable":true,"href":"https:\/\/infois.ro\/index.php?rest_route=%2Fwp%2Fv2%2Fcategories&post=18420"},{"taxonomy":"post_tag","embeddable":true,"href":"https:\/\/infois.ro\/index.php?rest_route=%2Fwp%2Fv2%2Ftags&post=18420"}],"curies":[{"name":"wp","href":"https:\/\/api.w.org\/{rel}","templated":true}]}}