{"id":18438,"date":"2015-07-02T05:30:06","date_gmt":"2015-07-02T02:30:06","guid":{"rendered":"http:\/\/infois.ro\/?p=18438"},"modified":"2015-07-02T05:30:06","modified_gmt":"2015-07-02T02:30:06","slug":"tehnologie-de-ultima-generatie-pentru-controlul-de-frontiera-testata-la-ptf-de-la-sculeni","status":"publish","type":"post","link":"https:\/\/infois.ro\/?p=18438","title":{"rendered":"Tehnologie de ultim\u0103 genera\u0163ie pentru controlul de frontier\u0103, testat\u0103 la PTF de la Sculeni"},"content":{"rendered":"<p style=\"text-align: justify;\"><a href=\"http:\/\/infois.ro\/wp-content\/uploads\/2015\/07\/Sculeni.jpg\"><img loading=\"lazy\" decoding=\"async\" class=\"alignleft  wp-image-18440\" src=\"http:\/\/infois.ro\/wp-content\/uploads\/2015\/07\/Sculeni.jpg\" alt=\"Sculeni\" width=\"307\" height=\"204\" srcset=\"https:\/\/infois.ro\/wp-content\/uploads\/2015\/07\/Sculeni.jpg 600w, https:\/\/infois.ro\/wp-content\/uploads\/2015\/07\/Sculeni-300x199.jpg 300w\" sizes=\"(max-width: 307px) 100vw, 307px\" \/><\/a><\/p>\n<p style=\"text-align: justify;\">\u00cen prezen\u021ba chestorului principal de poli\u021bie Dumitru Haralambie, adjunctul inspectorului general al Inspectoratului General al Poli\u021biei de Frontier\u0103, la Punctul de Trecere a Frontierei de la Sculeni (jude\u021bul Ia\u0219i) a avut loc miercuri, 1 iulie, conferin\u021ba de deschidere a proiectului pilot \u201dFrontiere Inteligente\u201d (Smart Borders), coordonat de de Agentia eu-LISA (Agen\u021bia European\u0103 pentru Managementul Opera\u021bional al Sistemelor IT la Scar\u0103 Larg\u0103 \u00een Spa\u021biul de Libertate, Securitate \u0219i Justitie). Proiectul presupune utilizarea unor echipamente de ultim\u0103 genera\u021bie, folosite la controlul la trecerea frontierei (capturarea live a imaginii faciale, capturarea imaginii faciale din cipul electronic al pa\u0219aportului, capturarea live a irisului, etc). Implementarea \u0219i testarea acestui proiect pilot se deruleaza sub coordonarea Agen\u021biei eu-LISA, cu participarea voluntar\u0103 a 12 state membre ale Uniunii Europene, testele avand loc \u00een 17 puncte de trecere a frontierei (terestre, aeriene \u0219i maritime) de la grani\u021ba Uniunii Europene. Rom\u00e2nia, prin intermediul Poli\u021biei de Frontier\u0103, participa la faza de testare cu dou\u0103 puncte de trecere a frontierei, respectiv PTF Ia\u0219i &#8211; feroviar \u0219i PTF Sculeni-rutier. Proiectul \u201dFrontiere Inteligente\u201d) \u00ee\u015fi propune s\u0103 testeze fezabilitatea propunerii lansate de c\u0103tre Comisia European\u0103, de \u00eenfiin\u0163are a dou\u0103 noi sisteme, cu rolul pe de o parte de a facilita procedurile de control la frontier\u0103 pentru cet\u0103\u021benii ter\u0163i de bun\u0103 credin\u0163\u0103, care trec frontierele Uniunii Europene, \u00een contextul cre\u0219terii \u00een viitor a num\u0103rului de c\u0103l\u0103tori \u0219i a necesit\u0103\u021bii efectu\u0103rii formalit\u0103\u021bilor de frontier\u0103 cu operativitate \u015fi pe de alt\u0103 parte de a moderniza, accelera \u0219i \u00eembun\u0103t\u0103\u021bi gestionarea frontierelor externe Schengen, sporind totodat\u0103 eficacitatea verific\u0103rilor la frontier\u0103 \u0219i prevenind migra\u021bia ilegal\u0103.\u00a0 Rom\u00e2nia, prin intermediul Poli\u0163iei de Frontier\u0103, particip\u0103 la faza de testare cu dou\u0103 puncte de trecere a frontierei, respectiv PTF Ia\u015fi feroviar \u015fi PTF Sculeni rutier. Testele au fost demarate pe 16 iunie 2015 la PTF Ia\u015fi feroviar, iar la PTF Sculeni \u00een data de 1 iulie 2015. Participarea c\u0103l\u0103torilor ter\u0163i la aceste teste se va face pe baza de voluntariat, iar conform legisla\u0163iei na\u0163ionale este necesar consim\u0163\u0103m\u00e2ntul scris al cet\u0103\u0163eanului ter\u0163. Datele personale nu vor fi stocate. Capturarea\u00a0 acestor date de c\u0103tre politistii de frontier\u0103 romani se face doar \u00een scopul unei analize calitative, cu stricta respectare a cerin\u0163elor legale \u00een materie, certificate de autorit\u0103\u0163ile na\u0163ionale pentru protec\u0163ia datelor cu caracter personal. Totodata, voluntarii vor fi invita\u0163i s\u0103 r\u0103spund\u0103, dup\u0103 trecerea frontierei, la c\u00e2teva \u00eentreb\u0103ri legate de modul de desf\u0103\u0219urare a controlului.<\/p>\n","protected":false},"excerpt":{"rendered":"<p>\u00cen prezen\u021ba chestorului principal de poli\u021bie Dumitru Haralambie, adjunctul inspectorului general al Inspectoratului General al&#8230; <a class=\"meta-more\" href=\"https:\/\/infois.ro\/?p=18438\">more <span class=\"meta-nav\">&raquo;<\/span><\/a><\/p>\n","protected":false},"author":2,"featured_media":18440,"comment_status":"open","ping_status":"closed","sticky":false,"template":"","format":"standard","meta":{"footnotes":""},"categories":[1,41],"tags":[74,5205,40,7296,7295,7294],"aioseo_notices":[],"_links":{"self":[{"href":"https:\/\/infois.ro\/index.php?rest_route=\/wp\/v2\/posts\/18438"}],"collection":[{"href":"https:\/\/infois.ro\/index.php?rest_route=\/wp\/v2\/posts"}],"about":[{"href":"https:\/\/infois.ro\/index.php?rest_route=\/wp\/v2\/types\/post"}],"author":[{"embeddable":true,"href":"https:\/\/infois.ro\/index.php?rest_route=\/wp\/v2\/users\/2"}],"replies":[{"embeddable":true,"href":"https:\/\/infois.ro\/index.php?rest_route=%2Fwp%2Fv2%2Fcomments&post=18438"}],"version-history":[{"count":1,"href":"https:\/\/infois.ro\/index.php?rest_route=\/wp\/v2\/posts\/18438\/revisions"}],"predecessor-version":[{"id":18441,"href":"https:\/\/infois.ro\/index.php?rest_route=\/wp\/v2\/posts\/18438\/revisions\/18441"}],"wp:featuredmedia":[{"embeddable":true,"href":"https:\/\/infois.ro\/index.php?rest_route=\/wp\/v2\/media\/18440"}],"wp:attachment":[{"href":"https:\/\/infois.ro\/index.php?rest_route=%2Fwp%2Fv2%2Fmedia&parent=18438"}],"wp:term":[{"taxonomy":"category","embeddable":true,"href":"https:\/\/infois.ro\/index.php?rest_route=%2Fwp%2Fv2%2Fcategories&post=18438"},{"taxonomy":"post_tag","embeddable":true,"href":"https:\/\/infois.ro\/index.php?rest_route=%2Fwp%2Fv2%2Ftags&post=18438"}],"curies":[{"name":"wp","href":"https:\/\/api.w.org\/{rel}","templated":true}]}}