{"id":1861,"date":"2012-09-25T15:00:15","date_gmt":"2012-09-25T12:00:15","guid":{"rendered":"http:\/\/infois.ro\/?p=1861"},"modified":"2012-09-25T15:00:15","modified_gmt":"2012-09-25T12:00:15","slug":"iasul-posibila-gazda-a-sesiunii-plenare-a-ansamblului-regiunilor-europei-in-2014","status":"publish","type":"post","link":"https:\/\/infois.ro\/?p=1861","title":{"rendered":"Ia\u0219ul, posibil\u0103 gazd\u0103 a sesiunii plenare a Ansamblului Regiunilor Europei \u00een 2014"},"content":{"rendered":"<p style=\"text-align: justify;\"><a class=\"highslide\" onclick=\"return vz.expand(this)\" href=\"http:\/\/infois.ro\/wp-content\/uploads\/2012\/09\/ARE.jpg\"><img loading=\"lazy\" decoding=\"async\" class=\"alignnone size-large wp-image-1862\" title=\"ARE\" src=\"http:\/\/infois.ro\/wp-content\/uploads\/cache\/2012\/09\/ARE\/1778517275.jpg\" alt=\"\" width=\"512\" height=\"341\" \/><\/a><\/p>\n<p style=\"text-align: justify;\">Ia\u015ful ar putea organiza peste doi ani ani Sesiunea Plenar\u0103 a Ansamblului Regiunilor Europei. Propunerea a fost f\u0103cut\u0103 de pre\u0219edintele Consiliului Jude\u0163ean (CJ) Ia\u015fi, cu ocazia particip\u0103rii acestuia la Summit-ul \u201eCriza \u015fi Regiunile\u201d, eveniment care s-a desf\u0103\u0219urat \u00een perioada 20 \u2013 23 septembrie, la Pescara (Italia). \u201eAm discutat cu doamna Michele Sabban, pre\u015fedintele Ansamblului Regiunilor Europei, despre posibilitatea organiz\u0103rii la Ia\u015fi a Sesiunii Plenare ARE, \u00een 2014. Sunt convins c\u0103 putem organiza un eveniment de o asemenea importan\u0163\u0103. Documentele oficiale privind aceast\u0103 propunere vor fi trimise chiar \u00een aceast\u0103 lun\u0103\u201d, a declarat Cristian Adomni\u021bei. La reuniunea de la Pescara, pre\u0219edintele CJ Ia\u0219i a mai purtat discu\u0163ii cu Gianni Chiodi, pre\u015fedintele Regiunii Abruzzo, gazda evenimentului, privind o posibil\u0103 colaborare cu regiunile italiene, dar \u015fi cu reprezentan\u0163i ai Comisiei Europene, privind redistribuirea fondurilor \u00eenc\u0103 necontractate pentru perioada 2007-2013. Totodat\u0103, \u00een cadrul evenimentului, reprezentan\u0163ii jude\u0163ului Ia\u015fi au f\u0103cut o prezentare a proiectului transfrontalier Transagropolis. Potrivit lui Adomni\u021bei, summit-ul de la Pescara a oferit cadrul pentru un schimb de opinii de detaliu \u00een patru domenii cheie: educa\u0163ie \u015fi training, eco-inovare, IMM-uri, schimb\u0103ri demografice \u015fi cultur\u0103. Activitatea pe cele patru paneluri dedicate acestor domenii a conturat textul Rezolu\u0163iei de la Pescara, ale c\u0103rei recomand\u0103ri vor fi \u00eenaintate Comisiei Europene, Parlamentului European, Comitetului Regiunilor \u015fi Comitetului Economic \u015fi Social, institu\u0163ii \u015fi organisme cu rol \u00een procesul decizional al Uniunii Europene. \u00cent\u00e2lnirea de la Pescara a reprezentat startul unui proces care va continua \u00een anul 2013 prin organizarea a \u00eenc\u0103 dou\u0103 summit-uri, unul dedicat experien\u0163elor regionale de succes \u015fi cel\u0103lalt implement\u0103rii \u015fi rezultatelor deciziilor politice. Pre\u0219edintele AER, Michele Sabban, a invitat regiunile partenere s\u0103 participe la cel de-al doilea Summit, care se va desf\u0103\u0219ura la Var\u015fovia, \u00een luna februarie 2013, \u015fi la cel de la Paris, din mai 2013. Ansamblul Regiunilor Europei (ARE) este cea mai mare re\u0163ea independent\u0103 a regiunilor din Europa l\u0103rgit\u0103, av\u00e2nd ca membri peste 250 de regiuni, reprezent\u00e2nd 35 de \u0163\u0103ri \u015fi 16 organiza\u0163ii interregionale.<\/p>\n<p style=\"text-align: justify;\">\n","protected":false},"excerpt":{"rendered":"<p>Ia\u015ful ar putea organiza peste doi ani ani Sesiunea Plenar\u0103 a Ansamblului Regiunilor Europei. Propunerea&#8230; <a class=\"meta-more\" href=\"https:\/\/infois.ro\/?p=1861\">more <span class=\"meta-nav\">&raquo;<\/span><\/a><\/p>\n","protected":false},"author":2,"featured_media":1862,"comment_status":"open","ping_status":"open","sticky":false,"template":"","format":"standard","meta":{"footnotes":""},"categories":[1,41],"tags":[74,850,374],"aioseo_notices":[],"_links":{"self":[{"href":"https:\/\/infois.ro\/index.php?rest_route=\/wp\/v2\/posts\/1861"}],"collection":[{"href":"https:\/\/infois.ro\/index.php?rest_route=\/wp\/v2\/posts"}],"about":[{"href":"https:\/\/infois.ro\/index.php?rest_route=\/wp\/v2\/types\/post"}],"author":[{"embeddable":true,"href":"https:\/\/infois.ro\/index.php?rest_route=\/wp\/v2\/users\/2"}],"replies":[{"embeddable":true,"href":"https:\/\/infois.ro\/index.php?rest_route=%2Fwp%2Fv2%2Fcomments&post=1861"}],"version-history":[{"count":2,"href":"https:\/\/infois.ro\/index.php?rest_route=\/wp\/v2\/posts\/1861\/revisions"}],"predecessor-version":[{"id":1864,"href":"https:\/\/infois.ro\/index.php?rest_route=\/wp\/v2\/posts\/1861\/revisions\/1864"}],"wp:featuredmedia":[{"embeddable":true,"href":"https:\/\/infois.ro\/index.php?rest_route=\/wp\/v2\/media\/1862"}],"wp:attachment":[{"href":"https:\/\/infois.ro\/index.php?rest_route=%2Fwp%2Fv2%2Fmedia&parent=1861"}],"wp:term":[{"taxonomy":"category","embeddable":true,"href":"https:\/\/infois.ro\/index.php?rest_route=%2Fwp%2Fv2%2Fcategories&post=1861"},{"taxonomy":"post_tag","embeddable":true,"href":"https:\/\/infois.ro\/index.php?rest_route=%2Fwp%2Fv2%2Ftags&post=1861"}],"curies":[{"name":"wp","href":"https:\/\/api.w.org\/{rel}","templated":true}]}}