{"id":18644,"date":"2015-07-17T09:07:30","date_gmt":"2015-07-17T06:07:30","guid":{"rendered":"http:\/\/infois.ro\/?p=18644"},"modified":"2015-07-17T09:07:30","modified_gmt":"2015-07-17T06:07:30","slug":"91-de-locuri-pentru-parcarile-de-resedinta-scoase-la-licitatie-de-primarie","status":"publish","type":"post","link":"https:\/\/infois.ro\/?p=18644","title":{"rendered":"91 de locuri pentru parc\u0103rile de re\u0219edin\u021b\u0103, scoase la licita\u021bie de Prim\u0103rie"},"content":{"rendered":"<p style=\"text-align: justify;\"><a href=\"http:\/\/infois.ro\/wp-content\/uploads\/2014\/09\/parcare.jpg\"><img loading=\"lazy\" decoding=\"async\" class=\"alignleft  wp-image-13287\" src=\"http:\/\/infois.ro\/wp-content\/uploads\/2014\/09\/parcare.jpg\" alt=\"parcare\" width=\"291\" height=\"164\" srcset=\"https:\/\/infois.ro\/wp-content\/uploads\/2014\/09\/parcare.jpg 600w, https:\/\/infois.ro\/wp-content\/uploads\/2014\/09\/parcare-300x169.jpg 300w, https:\/\/infois.ro\/wp-content\/uploads\/2014\/09\/parcare-140x80.jpg 140w\" sizes=\"(max-width: 291px) 100vw, 291px\" \/><\/a><\/p>\n<p style=\"text-align: justify;\">\u00cen aceast\u0103 lun\u0103, Prim\u0103ria va scoate la licita\u0163ie pentru \u00eenchiriere 91 de locuri petnru parc\u0103rile de re\u015fedin\u0163\u0103 din municipiu. Cele mai importante loturi sunt \u00een Alexandru cel Bun, strada Roman Vod\u0103, unde sunt disponibile 30 de locuri \u015fi \u00een P\u0103curari, strada Luca Arbore, la licita\u0163ie fiind disputate 44 de locuri. Potrivit reprezentan\u021bilor Prim\u0103riei, \u00een total, p\u00e2n\u0103 la finalul lunii iulie vor fi organizate \u0219apte proceduri de licita\u0163ie. Prima din serie are loc pe data de 20 iulie, c\u00e2nd vor fi licitate trei locuri de parcare din str. Cerna 11. Imobilele cu drept de participare la licita\u0163ie sunt blocurile: O10, O11, N1, H2, V6, L3, R9, O1, O8 \u015fi O9. Pe 21 iulie vor avea loc dou\u0103 proceduri, prima pentru \u00eenchirierea a 4 locuri, situate \u00een str. Splai Bahlui, nr. 29, destinate locatarilor blocurilor B4 \u015fi B5 \u015fi cea de-a doua pentru un loc \u00een \u015fos. Arcu, nr. 10, blocurile Z17 \u015fi Z18. Alte patru locuri, disponibile \u00een \u015fos. P\u0103curari, nr. 93 vor fi disputate pe 23 iulie de locatarii blocului 474. Pe 27 iulie, este programat\u0103 licita\u0163ia pentru \u00eenchirierea unui num\u0103r de 30 locuri de parcare, situate \u00een str. Roman Vod\u0103, nr. 15. Locatarii cu drept de participare la licita\u0163ie sunt cei ce locuiesc \u00een blocurile B1, A8, A9, A10, A11, O1, N1 \u015fi H4. Seria continu\u0103 pe 29 iulie c\u00e2nd vor fi licitate 5 locuri de parcare din b-dul Independen\u0163ei, nr. 18 \u015fi la care pot participa proprietarii din blocurile Y1 \u015fi Y2. Ultima licita\u0163ie a lunii are loc pe 30 iulie, fiind disponibile 44 locuri de parcare, situate \u00een str. Luca Arbore, nr. 16 \u015fi sunt destinate blocurilor: 511, 512, 513, 505, 506 \u015fi 507. Toate licita\u0163iile au loc la ora 14.00, la sediul DAPPP, dosarele de participare urm\u00e2nd a fi depuse cu o zi \u00eenainte de desf\u0103\u015furarea procedurii. Rela\u0163ii suplimentare privind procurarea documenta\u0163iei \u015fi condi\u0163iile de participare pentru toate licita\u0163iile se pot ob\u0163ine de la sediul Direc\u0163iei de Administrare a Patrimoniului Public \u015fi Privat din \u015fos. Na\u0163ional\u0103, nr. 43, et. 4, cam. 15, telefon 0232\/276.588.<\/p>\n","protected":false},"excerpt":{"rendered":"<p>\u00cen aceast\u0103 lun\u0103, Prim\u0103ria va scoate la licita\u0163ie pentru \u00eenchiriere 91 de locuri petnru parc\u0103rile&#8230; <a class=\"meta-more\" href=\"https:\/\/infois.ro\/?p=18644\">more <span class=\"meta-nav\">&raquo;<\/span><\/a><\/p>\n","protected":false},"author":2,"featured_media":14034,"comment_status":"open","ping_status":"closed","sticky":false,"template":"","format":"standard","meta":{"footnotes":""},"categories":[1,41],"tags":[74,40,846,1671,296],"aioseo_notices":[],"_links":{"self":[{"href":"https:\/\/infois.ro\/index.php?rest_route=\/wp\/v2\/posts\/18644"}],"collection":[{"href":"https:\/\/infois.ro\/index.php?rest_route=\/wp\/v2\/posts"}],"about":[{"href":"https:\/\/infois.ro\/index.php?rest_route=\/wp\/v2\/types\/post"}],"author":[{"embeddable":true,"href":"https:\/\/infois.ro\/index.php?rest_route=\/wp\/v2\/users\/2"}],"replies":[{"embeddable":true,"href":"https:\/\/infois.ro\/index.php?rest_route=%2Fwp%2Fv2%2Fcomments&post=18644"}],"version-history":[{"count":1,"href":"https:\/\/infois.ro\/index.php?rest_route=\/wp\/v2\/posts\/18644\/revisions"}],"predecessor-version":[{"id":18645,"href":"https:\/\/infois.ro\/index.php?rest_route=\/wp\/v2\/posts\/18644\/revisions\/18645"}],"wp:featuredmedia":[{"embeddable":true,"href":"https:\/\/infois.ro\/index.php?rest_route=\/wp\/v2\/media\/14034"}],"wp:attachment":[{"href":"https:\/\/infois.ro\/index.php?rest_route=%2Fwp%2Fv2%2Fmedia&parent=18644"}],"wp:term":[{"taxonomy":"category","embeddable":true,"href":"https:\/\/infois.ro\/index.php?rest_route=%2Fwp%2Fv2%2Fcategories&post=18644"},{"taxonomy":"post_tag","embeddable":true,"href":"https:\/\/infois.ro\/index.php?rest_route=%2Fwp%2Fv2%2Ftags&post=18644"}],"curies":[{"name":"wp","href":"https:\/\/api.w.org\/{rel}","templated":true}]}}