{"id":1875,"date":"2012-09-27T07:54:08","date_gmt":"2012-09-27T04:54:08","guid":{"rendered":"http:\/\/infois.ro\/?p=1875"},"modified":"2012-09-27T07:54:08","modified_gmt":"2012-09-27T04:54:08","slug":"prefectul-romeo-olteanu-a-tinut-audiente-la-pascani","status":"publish","type":"post","link":"https:\/\/infois.ro\/?p=1875","title":{"rendered":"Prefectul Romeo Olteanu a \u021binut audien\u021be la Pa\u0219cani"},"content":{"rendered":"<p style=\"text-align: justify;\"><a class=\"highslide\" onclick=\"return vz.expand(this)\" href=\"http:\/\/infois.ro\/wp-content\/uploads\/2012\/09\/Romeo-Olteanu.jpg\"><img loading=\"lazy\" decoding=\"async\" class=\"alignnone size-large wp-image-1876\" title=\"Romeo Olteanu\" src=\"http:\/\/infois.ro\/wp-content\/uploads\/cache\/2012\/09\/Romeo-Olteanu\/3760533288.jpg\" alt=\"\" width=\"620\" height=\"380\" \/><\/a><\/p>\n<p style=\"text-align: justify;\">Prefectul jude\u021bului Ia\u0219i, Romeo Olteanu, a organizat miercuri, 26 septembrie, o sesiune de audien\u0163e la Pa\u015fcani, ac\u021biunea \u00eenscriindu-se \u00een seria \u00eent\u00e2lnirilor pe care reprezentantul Guvernului \u00een teritoriu le are programate cu cet\u0103\u021benii jude\u021bului. Potrivit unui comunicat de pres\u0103 al Institu\u021biei Prefectului Jude\u021bului Ia\u0219i, pe lista de audien\u0163e de la Pa\u0219cani s-au \u00eenscris, \u00een total, zece personae, la fa\u0163a locului prezent\u00e2ndu-se, \u00een final, 24 de persoane. \u201dAproape toate aceste persoane au reclamat diverse probleme legate de activitatea de fond funciar. S-au prezentat sentin\u0163e civile\u00a0pentru puneri \u00een posesie, dar care nu sunt respectate. Situa\u0163iile sesizate vor fi analizate la nivelul compartimentelor de specialitate din cadrul Institu\u0163iei Prefectului\u201d, a declarat Felix Guzg\u0103, purt\u0103torul de cuv\u00e2nt al Prefecturii ie\u0219ene. Prefectul Romeo Olteanu a anun\u021bat c\u0103 va continua s\u0103 organizeze audien\u0163e \u00een jude\u0163 \u00een fiecare lun\u0103, urm\u0103toarele \u00eent\u00e2lnirii cu cet\u0103\u021benii urm\u00e2nd s\u0103 aib\u0103 loc la H\u00e2rl\u0103u sau la T\u00e2rgu Frumos.<\/p>\n","protected":false},"excerpt":{"rendered":"<p>Prefectul jude\u021bului Ia\u0219i, Romeo Olteanu, a organizat miercuri, 26 septembrie, o sesiune de audien\u0163e la&#8230; <a class=\"meta-more\" href=\"https:\/\/infois.ro\/?p=1875\">more <span class=\"meta-nav\">&raquo;<\/span><\/a><\/p>\n","protected":false},"author":2,"featured_media":1876,"comment_status":"open","ping_status":"open","sticky":false,"template":"","format":"standard","meta":{"footnotes":""},"categories":[1,41],"tags":[74,851,447],"aioseo_notices":[],"_links":{"self":[{"href":"https:\/\/infois.ro\/index.php?rest_route=\/wp\/v2\/posts\/1875"}],"collection":[{"href":"https:\/\/infois.ro\/index.php?rest_route=\/wp\/v2\/posts"}],"about":[{"href":"https:\/\/infois.ro\/index.php?rest_route=\/wp\/v2\/types\/post"}],"author":[{"embeddable":true,"href":"https:\/\/infois.ro\/index.php?rest_route=\/wp\/v2\/users\/2"}],"replies":[{"embeddable":true,"href":"https:\/\/infois.ro\/index.php?rest_route=%2Fwp%2Fv2%2Fcomments&post=1875"}],"version-history":[{"count":1,"href":"https:\/\/infois.ro\/index.php?rest_route=\/wp\/v2\/posts\/1875\/revisions"}],"predecessor-version":[{"id":1877,"href":"https:\/\/infois.ro\/index.php?rest_route=\/wp\/v2\/posts\/1875\/revisions\/1877"}],"wp:featuredmedia":[{"embeddable":true,"href":"https:\/\/infois.ro\/index.php?rest_route=\/wp\/v2\/media\/1876"}],"wp:attachment":[{"href":"https:\/\/infois.ro\/index.php?rest_route=%2Fwp%2Fv2%2Fmedia&parent=1875"}],"wp:term":[{"taxonomy":"category","embeddable":true,"href":"https:\/\/infois.ro\/index.php?rest_route=%2Fwp%2Fv2%2Fcategories&post=1875"},{"taxonomy":"post_tag","embeddable":true,"href":"https:\/\/infois.ro\/index.php?rest_route=%2Fwp%2Fv2%2Ftags&post=1875"}],"curies":[{"name":"wp","href":"https:\/\/api.w.org\/{rel}","templated":true}]}}