{"id":18796,"date":"2015-07-30T06:16:50","date_gmt":"2015-07-30T03:16:50","guid":{"rendered":"http:\/\/infois.ro\/?p=18796"},"modified":"2015-07-30T06:16:50","modified_gmt":"2015-07-30T03:16:50","slug":"cj-iasi-s-a-imprumutat-cu-52-milioane-de-euro-de-la-berd-pentru-a-putea-finaliza-proiectul-smid","status":"publish","type":"post","link":"https:\/\/infois.ro\/?p=18796","title":{"rendered":"CJ Ia\u0219i s-a \u00eemprumutat cu 5,2 milioane de euro de la BERD pentru a putea finaliza proiectul SMID"},"content":{"rendered":"<p style=\"text-align: justify;\"><a href=\"http:\/\/infois.ro\/wp-content\/uploads\/2015\/07\/acord-smid-berd.jpg\"><img loading=\"lazy\" decoding=\"async\" class=\"alignleft  wp-image-18797\" src=\"http:\/\/infois.ro\/wp-content\/uploads\/2015\/07\/acord-smid-berd.jpg\" alt=\"acord-smid---berd\" width=\"327\" height=\"218\" srcset=\"https:\/\/infois.ro\/wp-content\/uploads\/2015\/07\/acord-smid-berd.jpg 600w, https:\/\/infois.ro\/wp-content\/uploads\/2015\/07\/acord-smid-berd-300x200.jpg 300w\" sizes=\"(max-width: 327px) 100vw, 327px\" \/><\/a><\/p>\n<p style=\"text-align: justify;\">\u00cen Sala Verde a Palatului Administrativ al jude\u021bului Ia\u0219i a avut loc miercuri semnarea contractului de credit \u00eentre Consiliul Jude\u021bean (CJ) Ia\u0219i \u0219i Banca European\u0103 pentru Reconstruc\u021bie \u0219i Dezvoltare (BERD), care are ca obiect aprobarea unei finan\u021b\u0103ri rambursabile \u00een valoare de 5,2 milioane de euro, \u00een vederea implement\u0103rii proiectului \u201dSistem de management integrat al de\u0219eurilor \u00een jude\u021bul Ia\u0219i\u201d (SMID), finan\u021bat prin Programul Opera\u021bional Sectorial (POS) Mediu 2007-2013. Din partea jude\u021bului Ia\u0219i, contractul a fost semnat de Victorel Lupu, pre\u0219edintele interimar al Consiliului Jude\u021bean (CJ) Ia\u0219i, iar din partea B\u0103ncii Europene pentru Reconstruc\u021bie \u0219i Dezvoltare (BERD) de James Hyslop, directorul pentru infrastructur\u0103 al acestei institu\u021bii. Acordul de credit dintre CJ Ia\u0219i \u0219i BERD a fost aprobat cu unanimitate de voturi de plenul Legislativului jude\u021bean printr-o hot\u0103r\u00e2re adoptat\u0103 \u00een luna iunie a acestui an. Potrivit documentului, creditul se va derula pe o perioad\u0103 de 12 ani, cu o dob\u00e2nd\u0103 anual\u0103 de 2% \u0219i o perioad\u0103 de gra\u021bie de trei ani. \u201d\u00cen urma contract\u0103rii acestui credit, gradul de \u00eendatoare al jude\u021bului va fi de 3,21% la sf\u00e2r\u0219itul anului 2019, \u00een condi\u021biile \u00een care, potrivit legii, procentul maxim de \u00eendatoare pe care autorit\u0103\u021bile locale \u00eel pot atinge este de 30%. \u00cemprumutul este primul din istoria Consiliului Jude\u021bean Ia\u0219i, \u00eens\u0103 el nu va r\u0103m\u00e2ne o premier\u0103, \u00eentruc\u00e2t dorim ca \u00een anii urm\u0103tori s\u0103 \u00eencheiem un alt contract de credit, tot cu BERD, pentru o sum\u0103 necesar\u0103 moderniz\u0103rii drumurilor jude\u021bene\u201d, a declarat Victorel Lupu, pre\u0219edintele interimar al Consiliului Jude\u021bean Ia\u0219i. Referindu-se la contractul de \u00eemprumut \u00eencheiat \u00een vederea finaliz\u0103rii proiectului de realizare a sistemului de management integrat al de\u0219eurilor, Victorel Lupu a precizat c\u0103 Banca European\u0103 pentru Reconstruc\u021bie \u0219i Dezvoltare este \u201do institu\u021bie bancar\u0103 de prestigiu, cu care autorit\u0103\u021bile locale au lucrat p\u00e2n\u0103 acum foarte bine\u201d. La r\u00e2ndul s\u0103u, James Hyslop, reprezentantul B\u0103ncii Europene pentru Reconstruc\u021bie \u0219i Dezvoltare (BERD), a precizat c\u0103, de\u0219i suma \u00eemprumutat\u0103 de Consiliul Jude\u021bean Ia\u0219i este una relativ mic\u0103 \u00een compara\u021bie cu valaorea total\u0103 a proiectului (70 de milioane de euro, din care 13 milioane de euro reprezint\u0103 contribu\u021bia Guvernului Rom\u00e2niei), ea va permite jude\u021bului Ia\u0219i s\u0103 se alinieze, \u00een final, normelor europene de mediu \u00een domeniul gestion\u0103rii de\u0219eurilor menajere. \u201d\u00cemprumutul va permite, final, jude\u021bului Ia\u0219i, s\u0103 creasc\u0103 nivelul colect\u0103rii \u0219i depozit\u0103rii de\u0219eurilor menajere, potrivit normelor europene de mediu, de la 17% \u00eenainte de implementarea proiectului la aproape sut\u0103 la sut\u0103, \u00een final\u201d, a afirmat James Hyslop. Acesta a \u021binut s\u0103 sublinieze colaborarea excelent\u0103 pe care institu\u021bia pe care o reprezint\u0103 a avut-o, de-a lungul anilor, cu autorit\u0103\u021bile locale ie\u0219ene. \u201dAvem rela\u021bii foarte str\u00e2nse cu autorit\u0103\u021bile ie\u0219ene \u00eenc\u0103 din anii 90, c\u00e2nd am \u00eenceput s\u0103 lucr\u0103m cu compania de ap\u0103. Cu RAJAC Ia\u0219i am avut trei obiective majore de investi\u021bii, pe care le-am finalizat cu succes. De aceea, suntem \u00eenc\u00e2nta\u021bi s\u0103 colabor\u0103m din nou cu autorit\u0103\u021bile locale ie\u0219ene \u00een vederea implement\u0103rii acestui proiect foarte important pentru jude\u021b\u201d, a spus directorul pentru infrastructur\u0103 al BERD. Scopul principal al proiectului \u201dSistem de management integrat al de\u0219eurilor \u00een jude\u021bul Ia\u0219i\u201d (SMID) \u00eel reprezint\u0103 completarea infrastructurii \u0219i a echipamentelor existente cu investi\u021bii care s\u0103 conduc\u0103, \u00een final, la asigurarea unui sistem de management integrat al de\u0219eurilor la nivel de jude\u021b, prin care se va realize, \u00een final, atingerea standardelor minime pentru conformarea cu cerin\u021bele legislative ale Uniunii Europene referitoare la sectorul de mediu, precum \u0219i respectarea angajamentelor Rom\u00e2niei asumate prin Tratatul de Aderare la Uniunea European\u0103. Implementarea SMID \u00een jude\u021bul Ia\u0219i presupune, printre altele, atingerea unei rate de sut\u0103 la sut\u0103 acoperire cu servicii de salubritate oferite de operatori autoriza\u021bi, cre\u0219terea gradului de reciclare al de\u0219eurilor de ambalaje, reducerea cantit\u0103\u021bii de de\u0219eu biodegradabil depozitat, precum \u0219i \u00eenchiderea depozitelor urbane neconforme. Printre obiectivele de investi\u021bii ale proiectului se num\u0103r\u0103 montarea de pubele \u0219i containere pentru colectarea de\u0219eurilor \u00een jude\u021bul Ia\u0219i, achizi\u021bionarea de vehicule de lung curier pentru transportarea de\u0219eurilor, realizarea de sta\u021bii de transfer a de\u0219eurilor menajere \u00een localit\u0103\u021bile B\u0103l\u021ba\u021bi \u0219i Ruginoasa, realizarea de sta\u021bii de sortare la Ruginoasa (sta\u021bie nou\u0103) \u0219i \u021au\u021bora (finalizarea sta\u021biei existente \u0219i construirea unei sta\u021bii noi), realizarea unei sta\u021bii de compostare a de\u0219eurilor menajere la \u021au\u021bora, realizarea ueni sta\u021bii de Tratare Mecano-Biologic\u0103 (MBT) la \u021au\u021bora, construirea subcompartimentului 3 al Depozitului ecologic de la \u021au\u021bora, \u00eenchiderea depozitelor neconforme de la Pa\u0219cani \u2013 Valea Seac\u0103, T\u00e2rgu Frumos \u2013 Ad\u00e2ncata, H\u00e2rl\u0103u \u0219i Tome\u0219ti.<\/p>\n","protected":false},"excerpt":{"rendered":"<p>\u00cen Sala Verde a Palatului Administrativ al jude\u021bului Ia\u0219i a avut loc miercuri semnarea contractului&#8230; <a class=\"meta-more\" href=\"https:\/\/infois.ro\/?p=18796\">more <span class=\"meta-nav\">&raquo;<\/span><\/a><\/p>\n","protected":false},"author":2,"featured_media":18797,"comment_status":"open","ping_status":"closed","sticky":false,"template":"","format":"standard","meta":{"footnotes":""},"categories":[1,41],"tags":[74,867,3905,2523,40,7378,3112],"aioseo_notices":[],"_links":{"self":[{"href":"https:\/\/infois.ro\/index.php?rest_route=\/wp\/v2\/posts\/18796"}],"collection":[{"href":"https:\/\/infois.ro\/index.php?rest_route=\/wp\/v2\/posts"}],"about":[{"href":"https:\/\/infois.ro\/index.php?rest_route=\/wp\/v2\/types\/post"}],"author":[{"embeddable":true,"href":"https:\/\/infois.ro\/index.php?rest_route=\/wp\/v2\/users\/2"}],"replies":[{"embeddable":true,"href":"https:\/\/infois.ro\/index.php?rest_route=%2Fwp%2Fv2%2Fcomments&post=18796"}],"version-history":[{"count":1,"href":"https:\/\/infois.ro\/index.php?rest_route=\/wp\/v2\/posts\/18796\/revisions"}],"predecessor-version":[{"id":18798,"href":"https:\/\/infois.ro\/index.php?rest_route=\/wp\/v2\/posts\/18796\/revisions\/18798"}],"wp:featuredmedia":[{"embeddable":true,"href":"https:\/\/infois.ro\/index.php?rest_route=\/wp\/v2\/media\/18797"}],"wp:attachment":[{"href":"https:\/\/infois.ro\/index.php?rest_route=%2Fwp%2Fv2%2Fmedia&parent=18796"}],"wp:term":[{"taxonomy":"category","embeddable":true,"href":"https:\/\/infois.ro\/index.php?rest_route=%2Fwp%2Fv2%2Fcategories&post=18796"},{"taxonomy":"post_tag","embeddable":true,"href":"https:\/\/infois.ro\/index.php?rest_route=%2Fwp%2Fv2%2Ftags&post=18796"}],"curies":[{"name":"wp","href":"https:\/\/api.w.org\/{rel}","templated":true}]}}