{"id":18936,"date":"2015-08-10T15:04:06","date_gmt":"2015-08-10T12:04:06","guid":{"rendered":"http:\/\/infois.ro\/?p=18936"},"modified":"2015-08-10T15:04:24","modified_gmt":"2015-08-10T12:04:24","slug":"concurs-pentru-ocuparea-functiei-de-inspector-in-cadrul-primariei-iasi","status":"publish","type":"post","link":"https:\/\/infois.ro\/?p=18936","title":{"rendered":"Concurs pentru ocuparea func\u021biei de inspector \u00een cadrul Prim\u0103riei Ia\u0219i"},"content":{"rendered":"<p style=\"text-align: justify;\"><a href=\"http:\/\/infois.ro\/wp-content\/uploads\/2014\/10\/primaria-iasi.jpg\"><img loading=\"lazy\" decoding=\"async\" class=\"alignleft  wp-image-13619\" src=\"http:\/\/infois.ro\/wp-content\/uploads\/2014\/10\/primaria-iasi.jpg\" alt=\"primaria-iasi\" width=\"405\" height=\"222\" srcset=\"https:\/\/infois.ro\/wp-content\/uploads\/2014\/10\/primaria-iasi.jpg 600w, https:\/\/infois.ro\/wp-content\/uploads\/2014\/10\/primaria-iasi-300x164.jpg 300w\" sizes=\"(max-width: 405px) 100vw, 405px\" \/><\/a><\/p>\n<p style=\"text-align: justify;\">Prim\u0103ria municipiului Ia\u015fi organizeaz\u0103 concurs \u00een data de\u00a0<strong>4.09.2015<\/strong>\u00a0pentru ocuparea func\u0163iei publice de execu\u0163ie vacante de<strong>\u00a0Inspector clasa I grad asistent la Biroul Administrare Mediu Urban \u2013 Direc\u0163ia Tehnic\u0103 \u015fi Investi\u0163ii.<\/strong> Concursul se organizeaz\u0103 la sediul Prim\u0103riei municipiului Ia\u015fi. Probele stabilite pentru concurs sunt proba scris\u0103 \u015fi interviul. Proba scris\u0103\u00a0va avea loc la sediul Prim\u0103riei municipiului Ia\u015fi, \u00een data de\u00a0<strong>4.09.2015, ora 10.00.<\/strong> Interviul\u00a0se va desf\u0103\u015fura \u00een data de\u00a0<strong>8.09.2015, ora 14.00<\/strong>\u00a0(dar nu mai t\u00e2rziu de 5 zile lucr\u0103toare de la sus\u0163inerea probei scrise). <strong>Data limit\u0103 de depunere a dosarelor este 24.08.2015.<\/strong> Condi\u0163iile generale de participare la concurs: potrivit art.54 din Legea nr.188\/1999 privind Statutul func\u0163ionarilor publici, republicat\u0103 (r2), cu modific\u0103rile \u015fi complet\u0103rile ulterioare, poate ocupa o func\u0163ie public\u0103 persoana care \u00eendepline\u015fte urm\u0103toarele condi\u0163ii: a) are cet\u0103\u0163enia rom\u00e2n\u0103 \u015fi domiciliul \u00een Rom\u00e2nia; b) cunoa\u015fte limba rom\u00e2n\u0103, scris \u015fi vorbit; c) are v\u00e2rsta de minimum 18 ani \u00eemplini\u0163i; d) are capacitate deplin\u0103 de exerci\u0163iu; e) are o stare de s\u0103n\u0103tate corespunz\u0103toare func\u0163iei publice pentru care candideaz\u0103, atestat\u0103 pe baz\u0103 de examen medical de specialitate; f) \u00eendepline\u015fte condi\u0163iile de studii prev\u0103zute de lege pentru func\u0163ia public\u0103; g) \u00eendepline\u015fte condi\u0163iile specifice pentru ocuparea func\u0163iei publice; h) nu a fost condamnat\u0103 pentru s\u0103v\u00e2r\u015firea unei infrac\u0163iuni contra umanit\u0103\u0163ii, contra statului sau contra autorit\u0103\u0163ii, infrac\u0163iuni de corup\u0163ie \u015fi de serviciu, infrac\u0163iuni care \u00eempiedic\u0103 \u00eenf\u0103ptuirea justi\u0163iei, infrac\u0163iuni de fals ori a unei infrac\u0163iuni s\u0103v\u00e2r\u015fite cu inten\u0163ie care ar face-o incompatibil\u0103 cu exercitarea func\u0163iei publice; i) nu a fost destituit\u0103 dintr-o func\u0163ie public\u0103 sau nu i-a \u00eencetat contractul individual de munc\u0103 pentru motive disciplinare \u00een ultimii 7 ani; j) nu a desf\u0103\u015furat activitate de poli\u0163ie politic\u0103, astfel cum este definit\u0103 prin lege. Condi\u0163ii specifice de participare\u00a0la concurs: \u00a0studii universitare de licen\u0163\u0103 absolvite cu diplom\u0103, resectiv studii superioare de lung\u0103 durat\u0103, absolvite cu diplom\u0103 de licen\u0163\u0103 sau echivalent\u0103 in domeniul tehnic; vechime \u00een specialitatea studiilor necesare exercit\u0103rii func\u0163iei publice de minim 1 an. Dosarul de \u00eenscriere la concurs trebuie s\u0103 con\u0163in\u0103 \u00een mod obligatoriu documentele prev\u0103zute la art.49 \u00a0din H.G. nr.611\/2008 pentru aprobarea normelor privind organizarea \u015fi dezvoltarea carierei func\u0163ionarilor publici, cu modific\u0103rile \u015fi complet\u0103rile ulterioare, respectiv: a) formular de \u00eenscriere \u2013 pus la dispozi\u0163ie de institu\u0163ie; b) copia actului de identitate; c) copiile diplomelor de studii \u015fi ale altor acte care atest\u0103 efectuarea unor specializ\u0103ri; d) copia carnetului de munc\u0103 sau, dup\u0103 caz, o adeverin\u0163\u0103 care s\u0103 ateste vechimea \u00een munc\u0103 \u015fi, dup\u0103 caz, \u00een specialitatea studiilor necesare ocup\u0103rii func\u0163iei publice; e) cazierul judiciar; f) adeverin\u0163a care s\u0103 ateste starea de s\u0103n\u0103tate corespunz\u0103toare, eliberat\u0103 cu cel mult 6 luni anterior derul\u0103rii concursului de c\u0103tre medicul de familie al candidatului sau de c\u0103tre unit\u0103\u0163ile sanitare abilitate (ce con\u0163ine, \u00een clar,\u00a0num\u0103rul, data, numele emitentului \u015fi calitatea acestuia, \u00een formatul standard stabilit de Ministerul S\u0103n\u0103t\u0103\u0163ii Publice); g) declara\u0163ia pe propria r\u0103spundere sau adeverin\u0163a care s\u0103 ateste c\u0103 nu a desf\u0103\u015furat activit\u0103\u0163i de poli\u0163ie politic\u0103. Copiile de pe actele necesare se vor prezenta \u00eenso\u0163ite de documentele originale \u00een vederea certific\u0103rii pentru conformitate cu originalul, sau \u00een copii legalizate. Cazierul judiciar poate fi \u00eenlocuit cu o declara\u0163ie pe proprie r\u0103spundere. \u00cen acest caz, candidatul declarat admis la selec\u0163ia dosarelor are obliga\u0163ia de a completa dosarul de concurs cu originalul documentului pe tot parcursul desf\u0103\u015fur\u0103rii concursului, dar nu mai t\u00e2rziu de 5 zile lucr\u0103toare de la data la care a fost declarat admis \u00een urma selec\u0163iei dosarelor, sub sanc\u0163iunea neemiterii actului administrativ de numire. Rela\u0163ii suplimentare se pot ob\u0163ine la sediul Prim\u0103riei Municipiului Ia\u015fi \u2013 Bd.\u00a0\u015e\u00a0tefan cel Mare \u015fi Sf\u00e2nt \u00a0nr. 11 \u2013 Serviciul Resurse Umane,P.P.S., \u00a0telefon\u00a00232\/267582, int.275\u00a0sau pe site-ul Prim\u0103riei Municipiului Iasi-www.primaria-iasi.ro.<\/p>\n","protected":false},"excerpt":{"rendered":"<p>Prim\u0103ria municipiului Ia\u015fi organizeaz\u0103 concurs \u00een data de\u00a04.09.2015\u00a0pentru ocuparea func\u0163iei publice de execu\u0163ie vacante de\u00a0Inspector&#8230; <a class=\"meta-more\" href=\"https:\/\/infois.ro\/?p=18936\">more <span class=\"meta-nav\">&raquo;<\/span><\/a><\/p>\n","protected":false},"author":2,"featured_media":13619,"comment_status":"open","ping_status":"closed","sticky":false,"template":"","format":"standard","meta":{"footnotes":""},"categories":[1,41],"tags":[74,362,4634,40,541,296],"aioseo_notices":[],"_links":{"self":[{"href":"https:\/\/infois.ro\/index.php?rest_route=\/wp\/v2\/posts\/18936"}],"collection":[{"href":"https:\/\/infois.ro\/index.php?rest_route=\/wp\/v2\/posts"}],"about":[{"href":"https:\/\/infois.ro\/index.php?rest_route=\/wp\/v2\/types\/post"}],"author":[{"embeddable":true,"href":"https:\/\/infois.ro\/index.php?rest_route=\/wp\/v2\/users\/2"}],"replies":[{"embeddable":true,"href":"https:\/\/infois.ro\/index.php?rest_route=%2Fwp%2Fv2%2Fcomments&post=18936"}],"version-history":[{"count":1,"href":"https:\/\/infois.ro\/index.php?rest_route=\/wp\/v2\/posts\/18936\/revisions"}],"predecessor-version":[{"id":18937,"href":"https:\/\/infois.ro\/index.php?rest_route=\/wp\/v2\/posts\/18936\/revisions\/18937"}],"wp:featuredmedia":[{"embeddable":true,"href":"https:\/\/infois.ro\/index.php?rest_route=\/wp\/v2\/media\/13619"}],"wp:attachment":[{"href":"https:\/\/infois.ro\/index.php?rest_route=%2Fwp%2Fv2%2Fmedia&parent=18936"}],"wp:term":[{"taxonomy":"category","embeddable":true,"href":"https:\/\/infois.ro\/index.php?rest_route=%2Fwp%2Fv2%2Fcategories&post=18936"},{"taxonomy":"post_tag","embeddable":true,"href":"https:\/\/infois.ro\/index.php?rest_route=%2Fwp%2Fv2%2Ftags&post=18936"}],"curies":[{"name":"wp","href":"https:\/\/api.w.org\/{rel}","templated":true}]}}