{"id":19125,"date":"2015-08-25T18:19:27","date_gmt":"2015-08-25T15:19:27","guid":{"rendered":"http:\/\/infois.ro\/?p=19125"},"modified":"2015-08-25T18:19:27","modified_gmt":"2015-08-25T15:19:27","slug":"a-inceput-campania-de-consultare-a-opiniei-publice-cu-privire-la-organizarea-editiei-din-acest-an-a-sarbatorilor-iasului","status":"publish","type":"post","link":"https:\/\/infois.ro\/?p=19125","title":{"rendered":"A \u00eenceput campania de consultare a opiniei publice cu privire la organizarea edi\u021biei din acest an a \u201dS\u0103rb\u0103torilor Ia\u0219ului\u201d"},"content":{"rendered":"<p style=\"text-align: justify;\"><a href=\"http:\/\/infois.ro\/wp-content\/uploads\/2015\/08\/sarbatorile-iasilor.jpg\"><img loading=\"lazy\" decoding=\"async\" class=\"alignleft  wp-image-19126\" src=\"http:\/\/infois.ro\/wp-content\/uploads\/2015\/08\/sarbatorile-iasilor.jpg\" alt=\"sarbatorile-iasilor\" width=\"273\" height=\"171\" srcset=\"https:\/\/infois.ro\/wp-content\/uploads\/2015\/08\/sarbatorile-iasilor.jpg 600w, https:\/\/infois.ro\/wp-content\/uploads\/2015\/08\/sarbatorile-iasilor-300x188.jpg 300w\" sizes=\"(max-width: 273px) 100vw, 273px\" \/><\/a><\/p>\n<p style=\"text-align: justify;\">Prim\u0103ria municipiului Ia\u0219i, al\u0103turi de Mitropolia Moldovei \u0219i Bucovinei (MMB), dar \u0219i de partenerii tradi\u021bionali din fiecare an, organizeaz\u0103 \u00een luna octombrie 2015 cea de-a XXV-a edi\u021bie a \u201dS\u0103rb\u0103torilor Ia\u0219ului\u201d. \u00cen premier\u0103, \u00een acest an, municipalitatea a declan\u0219at o ampl\u0103 campanie de consultare a opiniei publice, \u00een privin\u021ba c\u00e2torva aspecte esen\u021biale ale manifest\u0103rilor tradi\u021bionale. Astfel, \u00een perioada 25 august \u2013 25 septembrie, la centrele de cartier ale Prim\u0103riei municipiului Ia\u0219i sunt disponibile 12.000 de chestionare, prin care cet\u0103\u021benii pot adresa sugestii \u0219i recomand\u0103ri referitoare la S\u0103rb\u0103torile Ia\u0219ului 2015. \u00cen paralel, campania de consultare se desf\u0103\u0219oar\u0103 \u0219i \u00een mediul online. At\u00e2t pe website-ul dedicat <a href=\"http:\/\/www.sarbatorileiasului.ro\/\">www.sarbatorileiasului.ro<\/a>, c\u00e2t \u0219i pe pagina de facebook\u00a0 <a href=\"http:\/\/www.facebook.com\/sarbatorile\">http:\/\/www.facebook.com\/sarbatorileiasului<\/a> a fost publicat chestionarul oficial, care con\u021bine cele 4 \u00eentreb\u0103ri. Ie\u0219enii vor putea r\u0103spunde dac\u0103 doresc ca s\u0103rb\u0103toarea religioas\u0103 s\u0103 se desf\u0103\u0219oare separat de festivit\u0103\u021bile laice, dac\u0103 sunt de acord cu organizarea spa\u021biilor pentru comercian\u021bi pe strada Palat, dar \u0219i ce arti\u0219ti, rom\u00e2ni sau str\u0103ini, ar dori s\u0103 vad\u0103 pe scena de la Palatul Culturii, la aceast\u0103 edi\u021bie sau la edi\u021biile viitoare. \u201dSunt convins de importan\u021ba dialogului cu cet\u0103\u021benii municipiului Ia\u0219i \u0219i de aceea vom accesa toate canalele de comunicare, at\u00e2t tradi\u021bionale, c\u00e2t \u0219i social media. Prim\u0103ria Municipiului Ia\u0219i este una dintre primele autorit\u0103\u021bi publice care a folosit mediul online pentru a \u021bine leg\u0103tura cu ie\u0219enii \u0219i vom \u00eent\u0103ri aceast\u0103 component\u0103 prin tot mai multe facilit\u0103\u021bi \u0219i aplica\u021bii care s\u0103 permit\u0103 o comunicare direct\u0103, \u00een ambele sensuri, cu cet\u0103\u021benii\u201d, a declarat primarul interimar Mihai Chirica. R\u0103spunsurile cet\u0103\u021benilor din mediul online vor fi centralizate \u0219i analizate de echipa Prim\u0103riei Municipiului Ia\u0219i, al\u0103turi de r\u0103spunsurile ie\u0219enilor colectate prin centrele de cartier, urm\u00e2nd s\u0103 fundamenteze organizarea celei de-a XXV-a edi\u021bie a \u201dS\u0103rb\u0103torilor Ia\u0219ului\u201d.<\/p>\n","protected":false},"excerpt":{"rendered":"<p>Prim\u0103ria municipiului Ia\u0219i, al\u0103turi de Mitropolia Moldovei \u0219i Bucovinei (MMB), dar \u0219i de partenerii tradi\u021bionali&#8230; <a class=\"meta-more\" href=\"https:\/\/infois.ro\/?p=19125\">more <span class=\"meta-nav\">&raquo;<\/span><\/a><\/p>\n","protected":false},"author":2,"featured_media":19126,"comment_status":"open","ping_status":"closed","sticky":false,"template":"","format":"standard","meta":{"footnotes":""},"categories":[1,41],"tags":[74,3515,40,7438,3269,840],"aioseo_notices":[],"_links":{"self":[{"href":"https:\/\/infois.ro\/index.php?rest_route=\/wp\/v2\/posts\/19125"}],"collection":[{"href":"https:\/\/infois.ro\/index.php?rest_route=\/wp\/v2\/posts"}],"about":[{"href":"https:\/\/infois.ro\/index.php?rest_route=\/wp\/v2\/types\/post"}],"author":[{"embeddable":true,"href":"https:\/\/infois.ro\/index.php?rest_route=\/wp\/v2\/users\/2"}],"replies":[{"embeddable":true,"href":"https:\/\/infois.ro\/index.php?rest_route=%2Fwp%2Fv2%2Fcomments&post=19125"}],"version-history":[{"count":1,"href":"https:\/\/infois.ro\/index.php?rest_route=\/wp\/v2\/posts\/19125\/revisions"}],"predecessor-version":[{"id":19127,"href":"https:\/\/infois.ro\/index.php?rest_route=\/wp\/v2\/posts\/19125\/revisions\/19127"}],"wp:featuredmedia":[{"embeddable":true,"href":"https:\/\/infois.ro\/index.php?rest_route=\/wp\/v2\/media\/19126"}],"wp:attachment":[{"href":"https:\/\/infois.ro\/index.php?rest_route=%2Fwp%2Fv2%2Fmedia&parent=19125"}],"wp:term":[{"taxonomy":"category","embeddable":true,"href":"https:\/\/infois.ro\/index.php?rest_route=%2Fwp%2Fv2%2Fcategories&post=19125"},{"taxonomy":"post_tag","embeddable":true,"href":"https:\/\/infois.ro\/index.php?rest_route=%2Fwp%2Fv2%2Ftags&post=19125"}],"curies":[{"name":"wp","href":"https:\/\/api.w.org\/{rel}","templated":true}]}}