{"id":19131,"date":"2015-08-25T18:28:47","date_gmt":"2015-08-25T15:28:47","guid":{"rendered":"http:\/\/infois.ro\/?p=19131"},"modified":"2015-08-25T18:28:47","modified_gmt":"2015-08-25T15:28:47","slug":"veolia-energie-incepe-probele-la-rece-ale-instalatiilor-de-incalzire","status":"publish","type":"post","link":"https:\/\/infois.ro\/?p=19131","title":{"rendered":"Veolia Energie \u00eencepe probele \u201dla rece\u201d ale instala\u021biilor de \u00eenc\u0103lzire"},"content":{"rendered":"<p style=\"text-align: justify;\"><a href=\"http:\/\/infois.ro\/wp-content\/uploads\/2014\/06\/termoficare.jpg\"><img loading=\"lazy\" decoding=\"async\" class=\"alignleft  wp-image-11636\" src=\"http:\/\/infois.ro\/wp-content\/uploads\/2014\/06\/termoficare.jpg\" alt=\"termoficare\" width=\"422\" height=\"238\" srcset=\"https:\/\/infois.ro\/wp-content\/uploads\/2014\/06\/termoficare.jpg 600w, https:\/\/infois.ro\/wp-content\/uploads\/2014\/06\/termoficare-300x169.jpg 300w, https:\/\/infois.ro\/wp-content\/uploads\/2014\/06\/termoficare-140x80.jpg 140w\" sizes=\"(max-width: 422px) 100vw, 422px\" \/><\/a><\/p>\n<p style=\"text-align: justify;\">\u00cen intervalul\u00a031 august &#8211; 6 octombrie, echipele Veolia vor derula\u00a0probele de etan\u0219eitate (&#8220;la rece&#8221;) la instala\u021biile interioare de c\u0103ldur\u0103 ale blocurilor, \u00een vederea preg\u0103tirii sezonului de \u00eenc\u0103lzire 2015-2016.\u00a0Programarea pentru consumatorii de la toate punctele \u0219i modulele termice din municipiul Ia\u0219i, racordate la sistemul centralizat de termoficare va fi trimis\u0103, prin email, tuturor firmelor de administrare a imobilelor din ora\u0219. Cu cel mult trei zile \u00eenainte de data programat\u0103, agen\u021bii comerciali ai Veolia vor anun\u021ba telefonic pre\u0219edintele sau administratorul fiec\u0103rei asocia\u021bii de proprietari.\u00a0 De asemenea, locatarii vor fi informa\u021bi prin anun\u021buri afi\u0219ate la fiecare scar\u0103 de bloc \u00een ceea ce prive\u0219te data la care imobilul respectiv este programat pentru probele \u201dla rece\u201d.\u00a0 Pentru a evita eventualele incidente nepl\u0103cute (inunda\u021bii, etc), asocia\u021biile care \u00eenc\u0103 deruleaz\u0103 lucr\u0103ri la instala\u021biile interioare de \u00eenc\u0103lzire ale blocurilor trebuie s\u0103 anun\u021be \u00een scris Veolia, prin reprezentan\u021bii s\u0103i, data la care estimeaz\u0103 finalizarea lucr\u0103rilor, pentru a reprograma aceast\u0103 ac\u021biune la o dat\u0103 ulterioar\u0103, \u00eens\u0103 nu mai tarziu de 11 octombrie.\u00a0\u00cen alt\u0103 ordine de idei, Veolia Energie Ia\u0219i continu\u0103 lucr\u0103rile\u00a0cuprinse \u00een programul de var\u0103, ce vizeaz\u0103 preg\u0103tirea sezonului de \u00eenc\u0103lzire 2015-2016 \u0219i derularea acestuia \u00een condi\u021bii optime din punct de vedere tehnic.\u00a0Astfel, la centrala de produc\u021bie\u00a0CET Holboca\u00a0s-au finalizat lucr\u0103rile prev\u0103zute pentru cazanul K1 \u0219i turbinele TA1 \u0219i TA2, precum \u0219i pentru transportoarele, morile \u0219i arz\u0103toarele de c\u0103rbune.\u00a0 La\u00a0CET-ul din Tudor\u00a0Vladimirescu se desf\u0103\u0219oar\u0103 ac\u021biunea de \u00eenlocuire a 13 vane cu diametre cuprinse \u00eentre Dn 400 mm \u0219i Dn 600 mm, \u00een vederea \u00eembun\u0103t\u0103\u021birii \u00a0func\u021bion\u0103rii centralei de produc\u021bie \u0219i a leg\u0103turii acesteia, at\u00e2t cu CET 2, c\u00e2t \u0219i cu magistralele de termoficare ce alimenteaza ora\u0219ul.\u00a0\u00cen ceea ce prive\u0219te\u00a0re\u021belele de agent termic, p\u00e2n\u0103 \u00een prezent s-au \u00eenlocuit 500 metri de re\u021bele de transport (primare), 1,5 km de conducte de distribu\u021bie (secundare \u2013 L\u0103pu\u0219neanu, T\u0103t\u0103ra\u0219i, Galata) \u0219i s-au introdus 1,2 km de\u00a0conducte de recirculare a apei calde,\u00a0\u00eentre punctele \/ modulele termice \u0219i subsolul blocurilor (Codrescu, T\u0103t\u0103ra\u0219i, Nicolina, Galata, L\u0103pu\u0219neanu).\u00a0\u00cen ceea ce prive\u0219te aprovizionarea cu c\u0103rbune, p\u00e2n\u0103 \u00een prezent, la CET Holboca au ajuns deja 65.000 de tone de c\u0103rbune, din cele 135.000 tone comandate pentru sezonul de \u00eenc\u0103lzire 2015-2016, care se adaug\u0103 la cele 32.000 de tone r\u0103mase pe stoc de iarna trecut\u0103.<\/p>\n","protected":false},"excerpt":{"rendered":"<p>\u00cen intervalul\u00a031 august &#8211; 6 octombrie, echipele Veolia vor derula\u00a0probele de etan\u0219eitate (&#8220;la rece&#8221;) la&#8230; <a class=\"meta-more\" href=\"https:\/\/infois.ro\/?p=19131\">more <span class=\"meta-nav\">&raquo;<\/span><\/a><\/p>\n","protected":false},"author":2,"featured_media":12795,"comment_status":"open","ping_status":"closed","sticky":false,"template":"","format":"standard","meta":{"footnotes":""},"categories":[6,41],"tags":[74,3515,2785,495,40,5355,493,3916],"aioseo_notices":[],"_links":{"self":[{"href":"https:\/\/infois.ro\/index.php?rest_route=\/wp\/v2\/posts\/19131"}],"collection":[{"href":"https:\/\/infois.ro\/index.php?rest_route=\/wp\/v2\/posts"}],"about":[{"href":"https:\/\/infois.ro\/index.php?rest_route=\/wp\/v2\/types\/post"}],"author":[{"embeddable":true,"href":"https:\/\/infois.ro\/index.php?rest_route=\/wp\/v2\/users\/2"}],"replies":[{"embeddable":true,"href":"https:\/\/infois.ro\/index.php?rest_route=%2Fwp%2Fv2%2Fcomments&post=19131"}],"version-history":[{"count":1,"href":"https:\/\/infois.ro\/index.php?rest_route=\/wp\/v2\/posts\/19131\/revisions"}],"predecessor-version":[{"id":19132,"href":"https:\/\/infois.ro\/index.php?rest_route=\/wp\/v2\/posts\/19131\/revisions\/19132"}],"wp:featuredmedia":[{"embeddable":true,"href":"https:\/\/infois.ro\/index.php?rest_route=\/wp\/v2\/media\/12795"}],"wp:attachment":[{"href":"https:\/\/infois.ro\/index.php?rest_route=%2Fwp%2Fv2%2Fmedia&parent=19131"}],"wp:term":[{"taxonomy":"category","embeddable":true,"href":"https:\/\/infois.ro\/index.php?rest_route=%2Fwp%2Fv2%2Fcategories&post=19131"},{"taxonomy":"post_tag","embeddable":true,"href":"https:\/\/infois.ro\/index.php?rest_route=%2Fwp%2Fv2%2Ftags&post=19131"}],"curies":[{"name":"wp","href":"https:\/\/api.w.org\/{rel}","templated":true}]}}